{"id":5391,"date":"2015-10-28T13:38:00","date_gmt":"2015-10-28T13:38:00","guid":{"rendered":"http:\/\/insmonturiol.cat\/linstitut-i-lampa-collaborem-amb-la-campanya-posat-la-gorra"},"modified":"2015-10-28T13:38:00","modified_gmt":"2015-10-28T13:38:00","slug":"linstitut-i-lampa-collaborem-amb-la-campanya-posat-la-gorra","status":"publish","type":"post","link":"https:\/\/agora.xtec.cat\/iesnarcismonturiol\/general\/linstitut-i-lampa-collaborem-amb-la-campanya-posat-la-gorra\/","title":{"rendered":"L&#8217;Institut i l&#8217;AMPA col\u00b7laborem amb la campanya Posa&#8217;t la Gorra"},"content":{"rendered":"<p>L&#8217;Institut i l&#8217;AMPA del Centre col\u00b7laborem un any m\u00e9s amb la Casa dels Xuklis en el projecte d&#8217;integraci\u00f3 dels infants i adolescents al barri, sustent econ\u00f2mic i explicaci\u00f3 del treball que es fa des de la Casa d&#8217;acollida i allotjament a fam\u00edlies de nens amb c\u00e0ncer que han de venir de fora a fer un tractament.<\/p>\n<p>Podeu col\u00b7laborar en aquesta iniciativa adquirint la gorra que es pot adquirir al mateix institut per nom\u00e9s 7\u20ac.<\/p>\n<p><a href=\"http:\/\/insmonturiol.cat\/wp-content\/uploads\/2015\/10\/IMG_4854.jpg\"><img loading=\"lazy\" decoding=\"async\" class=\"aligncenter size-medium wp-image-5392\" src=\"http:\/\/insmonturiol.cat\/wp-content\/uploads\/2015\/10\/IMG_4854-213x300.jpg\" alt=\"IMG_4854\" width=\"213\" height=\"300\" \/><\/a><\/p>\n<p>&nbsp;<\/p>\n","protected":false},"excerpt":{"rendered":"<p>L&#8217;Institut i l&#8217;AMPA del Centre col\u00b7laborem un any m\u00e9s amb la Casa dels Xuklis en el projecte d&#8217;integraci\u00f3 dels infants i adolescents al barri, sustent econ\u00f2mic i explicaci\u00f3 del treball que es fa des de la Casa d&#8217;acollida i allotjament a fam\u00edlies de nens amb&hellip;  <a href=\"https:\/\/agora.xtec.cat\/iesnarcismonturiol\/general\/linstitut-i-lampa-collaborem-amb-la-campanya-posat-la-gorra\/\" title=\"Read L&#8217;Institut i l&#8217;AMPA col\u00b7laborem amb la campanya Posa&#8217;t la Gorra\">Llegeix m\u00e9s\u00bb<\/a><\/p>\n","protected":false},"author":5,"featured_media":5398,"comment_status":"closed","ping_status":"closed","sticky":false,"template":"","format":"standard","meta":{"_bbp_topic_count":0,"_bbp_reply_count":0,"_bbp_total_topic_count":0,"_bbp_total_reply_count":0,"_bbp_voice_count":0,"_bbp_anonymous_reply_count":0,"_bbp_topic_count_hidden":0,"_bbp_reply_count_hidden":0,"_bbp_forum_subforum_count":0,"footnotes":""},"categories":[1],"tags":[303],"class_list":["post-5391","post","type-post","status-publish","format-standard","has-post-thumbnail","hentry","category-general","tag-solidaritat"],"post_mailing_queue_ids":[],"_links":{"self":[{"href":"https:\/\/agora.xtec.cat\/iesnarcismonturiol\/wp-json\/wp\/v2\/posts\/5391","targetHints":{"allow":["GET"]}}],"collection":[{"href":"https:\/\/agora.xtec.cat\/iesnarcismonturiol\/wp-json\/wp\/v2\/posts"}],"about":[{"href":"https:\/\/agora.xtec.cat\/iesnarcismonturiol\/wp-json\/wp\/v2\/types\/post"}],"author":[{"embeddable":true,"href":"https:\/\/agora.xtec.cat\/iesnarcismonturiol\/wp-json\/wp\/v2\/users\/5"}],"replies":[{"embeddable":true,"href":"https:\/\/agora.xtec.cat\/iesnarcismonturiol\/wp-json\/wp\/v2\/comments?post=5391"}],"version-history":[{"count":0,"href":"https:\/\/agora.xtec.cat\/iesnarcismonturiol\/wp-json\/wp\/v2\/posts\/5391\/revisions"}],"wp:featuredmedia":[{"embeddable":true,"href":"https:\/\/agora.xtec.cat\/iesnarcismonturiol\/wp-json\/wp\/v2\/media\/5398"}],"wp:attachment":[{"href":"https:\/\/agora.xtec.cat\/iesnarcismonturiol\/wp-json\/wp\/v2\/media?parent=5391"}],"wp:term":[{"taxonomy":"category","embeddable":true,"href":"https:\/\/agora.xtec.cat\/iesnarcismonturiol\/wp-json\/wp\/v2\/categories?post=5391"},{"taxonomy":"post_tag","embeddable":true,"href":"https:\/\/agora.xtec.cat\/iesnarcismonturiol\/wp-json\/wp\/v2\/tags?post=5391"}],"curies":[{"name":"wp","href":"https:\/\/api.w.org\/{rel}","templated":true}]}}