{"id":5388,"date":"2015-10-23T09:46:33","date_gmt":"2015-10-23T09:46:33","guid":{"rendered":"http:\/\/insmonturiol.cat\/aprenentatge-actiu-a-1r-deso-el-nou-projecte-de-linstitut"},"modified":"2015-10-23T09:46:33","modified_gmt":"2015-10-23T09:46:33","slug":"aprenentatge-actiu-a-1r-deso-el-nou-projecte-de-linstitut","status":"publish","type":"post","link":"https:\/\/agora.xtec.cat\/iesnarcismonturiol\/general\/aprenentatge-actiu-a-1r-deso-el-nou-projecte-de-linstitut\/","title":{"rendered":"APRENENTATGE ACTIU A 1r d&#8217;ESO, EL NOU PROJECTE DE L&#8217;INSTITUT"},"content":{"rendered":"<p>Ens presentem:<\/p>\n<p>Som la Carina, l&#8217;Aida, la Carmen, la Carla, el David i 60 alumnes de primer de la ESO amb ganes d&#8217;aprendre.<\/p>\n<div>Compartim l&#8217;Institut Narc\u00eds Monturiol, i hi treballem cada dia amb ganes de con\u00e8ixer-nos millor i de saber del m\u00f3n que ens envolta.<\/div>\n<div>Junts aportem les nostres experi\u00e8ncies per poder-nos ajudar a cr\u00e9ixer i a ser millors dia a dia.<\/div>\n<div>Sabem que en sabem molt per\u00f2 que no ho sabem tot.<\/div>\n<div>Aprenem all\u00f2 que ni tant sols ens imagin\u00e0vem que existia.<\/div>\n<div><\/div>\n<div>SOM, COMPARTIM, JUNTS, SABEM I APRENEM&#8230;PREPARATS, LLESTOS, JA!<\/div>\n<div><\/div>\n<div>seguiu les experi\u00e8ncies de treball al link <a title=\"APRENENTATGE ACTIU\" href=\"https:\/\/sites.google.com\/a\/xtec.cat\/aprenentatge-actiu\/\" target=\"_blank\" rel=\"noopener\">APRENENTATGE ACTIU<\/a><\/div>\n","protected":false},"excerpt":{"rendered":"<p>Ens presentem:<br \/>\nSom la Carina, l&#8217;Aida, la Carmen, la Carla, el David i 60 alumnes de primer de la ESO amb ganes d&#8217;aprendre.<br \/>\nCompartim l&#8217;Institut Narc\u00eds Monturiol, i hi treballem cada dia amb ganes de con\u00e8ixer-nos millor i de saber del m\u00f3n que ens envolta.<br \/>\nJunts aportem les&hellip;  <a href=\"https:\/\/agora.xtec.cat\/iesnarcismonturiol\/general\/aprenentatge-actiu-a-1r-deso-el-nou-projecte-de-linstitut\/\" title=\"Read APRENENTATGE ACTIU A 1r d&#8217;ESO, EL NOU PROJECTE DE L&#8217;INSTITUT\">Llegeix m\u00e9s\u00bb<\/a><\/p>\n","protected":false},"author":5,"featured_media":5389,"comment_status":"closed","ping_status":"closed","sticky":false,"template":"","format":"standard","meta":{"_bbp_topic_count":0,"_bbp_reply_count":0,"_bbp_total_topic_count":0,"_bbp_total_reply_count":0,"_bbp_voice_count":0,"_bbp_anonymous_reply_count":0,"_bbp_topic_count_hidden":0,"_bbp_reply_count_hidden":0,"_bbp_forum_subforum_count":0,"footnotes":""},"categories":[123,128,1,131],"tags":[155,313],"class_list":["post-5388","post","type-post","status-publish","format-standard","has-post-thumbnail","hentry","category-ciencies-socials","category-expressio","category-general","category-matematiques-economia","tag-aprenentatge-actiu","tag-treball-per-projectes"],"post_mailing_queue_ids":[],"_links":{"self":[{"href":"https:\/\/agora.xtec.cat\/iesnarcismonturiol\/wp-json\/wp\/v2\/posts\/5388","targetHints":{"allow":["GET"]}}],"collection":[{"href":"https:\/\/agora.xtec.cat\/iesnarcismonturiol\/wp-json\/wp\/v2\/posts"}],"about":[{"href":"https:\/\/agora.xtec.cat\/iesnarcismonturiol\/wp-json\/wp\/v2\/types\/post"}],"author":[{"embeddable":true,"href":"https:\/\/agora.xtec.cat\/iesnarcismonturiol\/wp-json\/wp\/v2\/users\/5"}],"replies":[{"embeddable":true,"href":"https:\/\/agora.xtec.cat\/iesnarcismonturiol\/wp-json\/wp\/v2\/comments?post=5388"}],"version-history":[{"count":0,"href":"https:\/\/agora.xtec.cat\/iesnarcismonturiol\/wp-json\/wp\/v2\/posts\/5388\/revisions"}],"wp:featuredmedia":[{"embeddable":true,"href":"https:\/\/agora.xtec.cat\/iesnarcismonturiol\/wp-json\/wp\/v2\/media\/5389"}],"wp:attachment":[{"href":"https:\/\/agora.xtec.cat\/iesnarcismonturiol\/wp-json\/wp\/v2\/media?parent=5388"}],"wp:term":[{"taxonomy":"category","embeddable":true,"href":"https:\/\/agora.xtec.cat\/iesnarcismonturiol\/wp-json\/wp\/v2\/categories?post=5388"},{"taxonomy":"post_tag","embeddable":true,"href":"https:\/\/agora.xtec.cat\/iesnarcismonturiol\/wp-json\/wp\/v2\/tags?post=5388"}],"curies":[{"name":"wp","href":"https:\/\/api.w.org\/{rel}","templated":true}]}}