{"id":5348,"date":"2015-09-25T15:51:08","date_gmt":"2015-09-25T15:51:08","guid":{"rendered":"http:\/\/insmonturiol.cat\/1r-de-batxillerat-sortida-a-la-base-nautica"},"modified":"2015-09-25T15:51:08","modified_gmt":"2015-09-25T15:51:08","slug":"1r-de-batxillerat-sortida-a-la-base-nautica","status":"publish","type":"post","link":"https:\/\/agora.xtec.cat\/iesnarcismonturiol\/general\/1r-de-batxillerat-sortida-a-la-base-nautica\/","title":{"rendered":"1r de batxillerat: Sortida a la Base N\u00e0utica"},"content":{"rendered":"<p><img loading=\"lazy\" decoding=\"async\" class=\"aligncenter size-medium wp-image-5359\" src=\"http:\/\/insmonturiol.cat\/wp-content\/uploads\/2015\/09\/86ef7c5e7e73d76f534369acc0a85948-300x169.jpg\" alt=\"86ef7c5e7e73d76f534369acc0a85948\" width=\"300\" height=\"169\" srcset=\"https:\/\/agora.xtec.cat\/iesnarcismonturiol\/wp-content\/uploads\/usu2521\/2015\/09\/86ef7c5e7e73d76f534369acc0a85948-300x169.jpg 300w, https:\/\/agora.xtec.cat\/iesnarcismonturiol\/wp-content\/uploads\/usu2521\/2015\/09\/86ef7c5e7e73d76f534369acc0a85948-1024x576.jpg 1024w, https:\/\/agora.xtec.cat\/iesnarcismonturiol\/wp-content\/uploads\/usu2521\/2015\/09\/86ef7c5e7e73d76f534369acc0a85948-768x432.jpg 768w, https:\/\/agora.xtec.cat\/iesnarcismonturiol\/wp-content\/uploads\/usu2521\/2015\/09\/86ef7c5e7e73d76f534369acc0a85948-1536x864.jpg 1536w, https:\/\/agora.xtec.cat\/iesnarcismonturiol\/wp-content\/uploads\/usu2521\/2015\/09\/86ef7c5e7e73d76f534369acc0a85948.jpg 1600w\" sizes=\"auto, (max-width: 300px) 100vw, 300px\" \/><\/p>\n<p>El passat dimecres 23 de setembre, l\u2019alumnat de 1r de batxillerat va fer la primera sortida del curs. Es tracta d\u2019una sortida que t\u00e9 dos objectius, per una banda fer un tast d\u2019unes activitats aqu\u00e0tiques i per l\u2019altre, la de fer amistat i relacions amb l\u2019alumnat que ha arribat nou al Monturiol. Aix\u00ed aquesta activitat est\u00e0 programada dins la tutoria i l\u2019\u00e0rea d\u2019educaci\u00f3 f\u00edsica.<\/p>\n<p><span style=\"font-weight: 400;\">La sortida es va dur a terme a la Base N\u00e0utica de Barcelona, al costat de la mar Bella, on disposen de l\u2019equip i material necessari per a desenvolupar l\u2019activitat.<\/span><\/p>\n<p><img loading=\"lazy\" decoding=\"async\" class=\"aligncenter size-medium wp-image-5361\" src=\"http:\/\/insmonturiol.cat\/wp-content\/uploads\/2015\/09\/6fa089e65146f18a9aa82f78415e455d-300x169.jpg\" alt=\"6fa089e65146f18a9aa82f78415e455d\" width=\"300\" height=\"169\" srcset=\"https:\/\/agora.xtec.cat\/iesnarcismonturiol\/wp-content\/uploads\/usu2521\/2015\/09\/6fa089e65146f18a9aa82f78415e455d-300x169.jpg 300w, https:\/\/agora.xtec.cat\/iesnarcismonturiol\/wp-content\/uploads\/usu2521\/2015\/09\/6fa089e65146f18a9aa82f78415e455d-1024x576.jpg 1024w, https:\/\/agora.xtec.cat\/iesnarcismonturiol\/wp-content\/uploads\/usu2521\/2015\/09\/6fa089e65146f18a9aa82f78415e455d-768x432.jpg 768w, https:\/\/agora.xtec.cat\/iesnarcismonturiol\/wp-content\/uploads\/usu2521\/2015\/09\/6fa089e65146f18a9aa82f78415e455d-1536x864.jpg 1536w, https:\/\/agora.xtec.cat\/iesnarcismonturiol\/wp-content\/uploads\/usu2521\/2015\/09\/6fa089e65146f18a9aa82f78415e455d.jpg 1600w\" sizes=\"auto, (max-width: 300px) 100vw, 300px\" \/><\/p>\n<p><span style=\"font-weight: 400;\">Al mat\u00ed el cel estava for\u00e7a tapat, per\u00f2 el mar estava perfecte per fer les activitats. Al llarg del dia es va girar m\u00e9s vent i va aixecar onades, cosa que va complicar l\u2019equilibri d\u2019alguns i algunes. L\u2019alumnat va poder provar la navegaci\u00f3 amb catamar\u00e0, paddel surf, caiac, windsurf i volei platja. Tant en el paddel com en el windsurf els va costar for\u00e7a mantenir-se de peu, i en aquest \u00faltim ni van aixecar la vela. El catamar\u00e0 va anar prou b\u00e9, tot i que algun grup es va encallar a l\u2019espig\u00f3 i per l\u2019onatge costava sortir. Tot i aix\u00f2 l\u2019experi\u00e8ncia va ser bona i va tenir molt bona acollida per part de l\u2019alumnat.<\/span><\/p>\n<p>Marta Pol, professora d&#8217;Educaci\u00f3 F\u00edsica; Anna Sol\u00eds i \u00c9rika\u00a0Soto, tutores 1r batxillerat.<a href=\"http:\/\/insmonturiol.cat\/wp-content\/uploads\/2015\/09\/6fa089e65146f18a9aa82f78415e455d.jpg\"><br \/>\n<\/a> <a href=\"http:\/\/insmonturiol.cat\/wp-content\/uploads\/2015\/09\/7e13bd2af9d442d935e2c174e4e34223.jpg\"><img loading=\"lazy\" decoding=\"async\" class=\"aligncenter size-medium wp-image-5360\" src=\"http:\/\/insmonturiol.cat\/wp-content\/uploads\/2015\/09\/7e13bd2af9d442d935e2c174e4e34223-300x169.jpg\" alt=\"7e13bd2af9d442d935e2c174e4e34223\" width=\"300\" height=\"169\" srcset=\"https:\/\/agora.xtec.cat\/iesnarcismonturiol\/wp-content\/uploads\/usu2521\/2015\/09\/7e13bd2af9d442d935e2c174e4e34223-300x169.jpg 300w, https:\/\/agora.xtec.cat\/iesnarcismonturiol\/wp-content\/uploads\/usu2521\/2015\/09\/7e13bd2af9d442d935e2c174e4e34223-1024x576.jpg 1024w, https:\/\/agora.xtec.cat\/iesnarcismonturiol\/wp-content\/uploads\/usu2521\/2015\/09\/7e13bd2af9d442d935e2c174e4e34223-768x432.jpg 768w, https:\/\/agora.xtec.cat\/iesnarcismonturiol\/wp-content\/uploads\/usu2521\/2015\/09\/7e13bd2af9d442d935e2c174e4e34223-1536x864.jpg 1536w, https:\/\/agora.xtec.cat\/iesnarcismonturiol\/wp-content\/uploads\/usu2521\/2015\/09\/7e13bd2af9d442d935e2c174e4e34223.jpg 1599w\" sizes=\"auto, (max-width: 300px) 100vw, 300px\" \/><\/a><\/p>\n<p>&nbsp;<\/p>\n","protected":false},"excerpt":{"rendered":"<p>El passat dimecres 23 de setembre, l\u2019alumnat de 1r de batxillerat va fer la primera sortida del curs. Es tracta d\u2019una sortida que t\u00e9 dos objectius, per una banda fer un tast d\u2019unes activitats aqu\u00e0tiques i per l\u2019altre, la de fer amistat i relacions amb&hellip;  <a href=\"https:\/\/agora.xtec.cat\/iesnarcismonturiol\/general\/1r-de-batxillerat-sortida-a-la-base-nautica\/\" title=\"Read 1r de batxillerat: Sortida a la Base N\u00e0utica\">Llegeix m\u00e9s\u00bb<\/a><\/p>\n","protected":false},"author":5,"featured_media":5351,"comment_status":"closed","ping_status":"closed","sticky":false,"template":"","format":"standard","meta":{"_bbp_topic_count":0,"_bbp_reply_count":0,"_bbp_total_topic_count":0,"_bbp_total_reply_count":0,"_bbp_voice_count":0,"_bbp_anonymous_reply_count":0,"_bbp_topic_count_hidden":0,"_bbp_reply_count_hidden":0,"_bbp_forum_subforum_count":0,"footnotes":""},"categories":[128,1],"tags":[318,320],"class_list":["post-5348","post","type-post","status-publish","format-standard","has-post-thumbnail","hentry","category-expressio","category-general","tag-tutoria","tag-vela"],"post_mailing_queue_ids":[],"_links":{"self":[{"href":"https:\/\/agora.xtec.cat\/iesnarcismonturiol\/wp-json\/wp\/v2\/posts\/5348","targetHints":{"allow":["GET"]}}],"collection":[{"href":"https:\/\/agora.xtec.cat\/iesnarcismonturiol\/wp-json\/wp\/v2\/posts"}],"about":[{"href":"https:\/\/agora.xtec.cat\/iesnarcismonturiol\/wp-json\/wp\/v2\/types\/post"}],"author":[{"embeddable":true,"href":"https:\/\/agora.xtec.cat\/iesnarcismonturiol\/wp-json\/wp\/v2\/users\/5"}],"replies":[{"embeddable":true,"href":"https:\/\/agora.xtec.cat\/iesnarcismonturiol\/wp-json\/wp\/v2\/comments?post=5348"}],"version-history":[{"count":0,"href":"https:\/\/agora.xtec.cat\/iesnarcismonturiol\/wp-json\/wp\/v2\/posts\/5348\/revisions"}],"wp:featuredmedia":[{"embeddable":true,"href":"https:\/\/agora.xtec.cat\/iesnarcismonturiol\/wp-json\/wp\/v2\/media\/5351"}],"wp:attachment":[{"href":"https:\/\/agora.xtec.cat\/iesnarcismonturiol\/wp-json\/wp\/v2\/media?parent=5348"}],"wp:term":[{"taxonomy":"category","embeddable":true,"href":"https:\/\/agora.xtec.cat\/iesnarcismonturiol\/wp-json\/wp\/v2\/categories?post=5348"},{"taxonomy":"post_tag","embeddable":true,"href":"https:\/\/agora.xtec.cat\/iesnarcismonturiol\/wp-json\/wp\/v2\/tags?post=5348"}],"curies":[{"name":"wp","href":"https:\/\/api.w.org\/{rel}","templated":true}]}}