{"id":5207,"date":"2015-06-26T09:07:00","date_gmt":"2015-06-26T09:07:00","guid":{"rendered":"http:\/\/insmonturiol.cat\/proves-extraordinaries-setembre-2015"},"modified":"2015-06-26T09:07:00","modified_gmt":"2015-06-26T09:07:00","slug":"proves-extraordinaries-setembre-2015","status":"publish","type":"post","link":"https:\/\/agora.xtec.cat\/iesnarcismonturiol\/general\/proves-extraordinaries-setembre-2015\/","title":{"rendered":"PROVES EXTRAORDIN\u00c0RIES SETEMBRE 2015"},"content":{"rendered":"<p><span style=\"color: #339966;\"><strong>RECUPERACI\u00d3 EXTRAORDIN\u00c0RIA ESO<\/strong><\/span><\/p>\n<p><strong><span style=\"color: #000000;\">DIMARTS\u00a01 de Setembre:<\/span><\/strong><\/p>\n<p>9:00 Llengua catalana.<\/p>\n<p>10:00 Angl\u00e8s<\/p>\n<p>11:00 Ci\u00e8ncies Naturals 1r, 2n i 3r d&#8217;eso; Biologia 4t d&#8217;eso; F\u00edsica i Qu\u00edmica 4t d&#8217;eso, Franc\u00e9s 4t d&#8217;eso.<\/p>\n<p>12:00 Tecnologia, Inform\u00e0tica 4t d&#8217;eso; Llat\u00ed 4t d&#8217;eso<\/p>\n<p>13:00 Educaci\u00f3 f\u00edsica<\/p>\n<p><strong>DIMECRES\u00a02 de Setembre:<\/strong><\/p>\n<p>9:00 Matem\u00e0tiques<\/p>\n<p>10:00 Llengua castellana<\/p>\n<p>11:00 Ci\u00e8ncies Socials<\/p>\n<p>12:00 M\u00fasica, Educaci\u00f3 per la ciutadania 3r d&#8217;eso, Etico.c\u00edvica 4t d&#8217;eso<\/p>\n<p>13:00 Educaci\u00f3 Visual i Pl\u00e0stica.<\/p>\n<p><span style=\"color: #ff9900;\"><strong>RECUPERACI\u00d3 EXTRAORDIN\u00c0RIA 1r BATXILLERAT<\/strong><\/span><\/p>\n<p><strong><span style=\"color: #000000;\">DIMARTS\u00a01 de setembre:<\/span><\/strong><\/p>\n<p>9:00 Llengua catalana.<\/p>\n<p>10:00 Angl\u00e8s<\/p>\n<p>11:00 F\u00edsica; Ci\u00e8ncies de la Terra i el Medi Ambient.<\/p>\n<p>12:00 Tecnologia Industrial; Biologia; Llat\u00ed, Economia d&#8217;empresa.<\/p>\n<p>13:00 Educaci\u00f3 f\u00edsica; Ci\u00e8ncies per al m\u00f3n contemporani.<\/p>\n<p><strong>DIMECRES<\/strong>\u00a0<strong>2<\/strong><b> de Setembre;<\/b><\/p>\n<p>9:00 Matem\u00e0tiques; Matem\u00e0tiques aplicades a les Ci\u00e8ncies Socials; Grec<\/p>\n<p>10:00 Llengua castellana; Franc\u00e8s; Economia<\/p>\n<p>11:00 Hist\u00f2ria de m\u00f3n contemporani<\/p>\n<p>12:00 Filosofia<\/p>\n<p>13:00 Dibuix T\u00e8cnic; Qu\u00edmica<\/p>\n","protected":false},"excerpt":{"rendered":"<p>RECUPERACI\u00d3 EXTRAORDIN\u00c0RIA ESO<br \/>\nDIMARTS\u00a01 de Setembre:<br \/>\n9:00 Llengua catalana.<br \/>\n10:00 Angl\u00e8s<br \/>\n11:00 Ci\u00e8ncies Naturals 1r, 2n i 3r d&#8217;eso; Biologia 4t d&#8217;eso; F\u00edsica i Qu\u00edmica 4t d&#8217;eso, Franc\u00e9s 4t d&#8217;eso.<br \/>\n12:00 Tecnologia, Inform\u00e0tica 4t d&#8217;eso; Llat\u00ed 4t d&#8217;eso<br \/>\n13:00 Educaci\u00f3 f\u00edsica<br \/>\nDIMECRES\u00a02 de Setembre:<br \/>\n9:00 Matem\u00e0tiques<br \/>\n10:00 Llengua castellana<br \/>\n11:00 Ci\u00e8ncies Socials<br \/>\n12:00 M\u00fasica, Educaci\u00f3 per&hellip;  <a href=\"https:\/\/agora.xtec.cat\/iesnarcismonturiol\/general\/proves-extraordinaries-setembre-2015\/\" title=\"Read PROVES EXTRAORDIN\u00c0RIES SETEMBRE 2015\">Llegeix m\u00e9s\u00bb<\/a><\/p>\n","protected":false},"author":5,"featured_media":5220,"comment_status":"closed","ping_status":"closed","sticky":false,"template":"","format":"standard","meta":{"_bbp_topic_count":0,"_bbp_reply_count":0,"_bbp_total_topic_count":0,"_bbp_total_reply_count":0,"_bbp_voice_count":0,"_bbp_anonymous_reply_count":0,"_bbp_topic_count_hidden":0,"_bbp_reply_count_hidden":0,"_bbp_forum_subforum_count":0,"footnotes":""},"categories":[1],"tags":[290],"class_list":["post-5207","post","type-post","status-publish","format-standard","has-post-thumbnail","hentry","category-general","tag-proves-setembre"],"post_mailing_queue_ids":[],"_links":{"self":[{"href":"https:\/\/agora.xtec.cat\/iesnarcismonturiol\/wp-json\/wp\/v2\/posts\/5207","targetHints":{"allow":["GET"]}}],"collection":[{"href":"https:\/\/agora.xtec.cat\/iesnarcismonturiol\/wp-json\/wp\/v2\/posts"}],"about":[{"href":"https:\/\/agora.xtec.cat\/iesnarcismonturiol\/wp-json\/wp\/v2\/types\/post"}],"author":[{"embeddable":true,"href":"https:\/\/agora.xtec.cat\/iesnarcismonturiol\/wp-json\/wp\/v2\/users\/5"}],"replies":[{"embeddable":true,"href":"https:\/\/agora.xtec.cat\/iesnarcismonturiol\/wp-json\/wp\/v2\/comments?post=5207"}],"version-history":[{"count":0,"href":"https:\/\/agora.xtec.cat\/iesnarcismonturiol\/wp-json\/wp\/v2\/posts\/5207\/revisions"}],"wp:featuredmedia":[{"embeddable":true,"href":"https:\/\/agora.xtec.cat\/iesnarcismonturiol\/wp-json\/wp\/v2\/media\/5220"}],"wp:attachment":[{"href":"https:\/\/agora.xtec.cat\/iesnarcismonturiol\/wp-json\/wp\/v2\/media?parent=5207"}],"wp:term":[{"taxonomy":"category","embeddable":true,"href":"https:\/\/agora.xtec.cat\/iesnarcismonturiol\/wp-json\/wp\/v2\/categories?post=5207"},{"taxonomy":"post_tag","embeddable":true,"href":"https:\/\/agora.xtec.cat\/iesnarcismonturiol\/wp-json\/wp\/v2\/tags?post=5207"}],"curies":[{"name":"wp","href":"https:\/\/api.w.org\/{rel}","templated":true}]}}