{"id":5097,"date":"2015-06-03T11:46:30","date_gmt":"2015-06-03T11:46:30","guid":{"rendered":"http:\/\/insmonturiol.cat\/3r-deso-al-tot-dansa-2015"},"modified":"2015-06-03T11:46:30","modified_gmt":"2015-06-03T11:46:30","slug":"3r-deso-al-tot-dansa-2015","status":"publish","type":"post","link":"https:\/\/agora.xtec.cat\/iesnarcismonturiol\/general\/3r-deso-al-tot-dansa-2015\/","title":{"rendered":"3r d&#8217;ESO al TOT DANSA 2015"},"content":{"rendered":"<p>L&#8217;alumnat de 3r d&#8217;ESO participa un any m\u00e9s al TOT DANSA, un projecte dins les Jornades de Creaci\u00f3 art\u00edstica impulsades per l&#8217;Institut Municipal d&#8217;Educaci\u00f3 de l&#8217;Ajuntament de Barcelona i l&#8217;Institut del Teatre, que es presenta al MERCAT DE LES FLORS<\/p>\n<p>Aquest grup d&#8217;alumnes ha estat treballant durant tot el semestre amb esfor\u00e7 i dedicaci\u00f3 les coreografies d&#8217;\u00c0lvaro de la Pe\u00f1a, \u00a0i avui el muntatge final surt a escena on es podr\u00e0 veure el treball conjunt dels sis instituts participants. d&#8217;instituts.<\/p>\n<p>feu click a l&#8217;enlla\u00e7 <a href=\"http:\/\/insmonturiol.cat\/wp-content\/uploads\/2015\/06\/TOT-DANSA-2015.pdf\">TOT DANSA 2015<\/a>\u00a0on trobareu tota la informaci\u00f3.<\/p>\n","protected":false},"excerpt":{"rendered":"<p>L&#8217;alumnat de 3r d&#8217;ESO participa un any m\u00e9s al TOT DANSA, un projecte dins les Jornades de Creaci\u00f3 art\u00edstica impulsades per l&#8217;Institut Municipal d&#8217;Educaci\u00f3 de l&#8217;Ajuntament de Barcelona i l&#8217;Institut del Teatre, que es presenta al MERCAT DE LES FLORS<br \/>\nAquest grup d&#8217;alumnes ha estat treballant&hellip;  <a href=\"https:\/\/agora.xtec.cat\/iesnarcismonturiol\/general\/3r-deso-al-tot-dansa-2015\/\" title=\"Read 3r d&#8217;ESO al TOT DANSA 2015\">Llegeix m\u00e9s\u00bb<\/a><\/p>\n","protected":false},"author":5,"featured_media":5099,"comment_status":"closed","ping_status":"closed","sticky":false,"template":"","format":"standard","meta":{"_bbp_topic_count":0,"_bbp_reply_count":0,"_bbp_total_topic_count":0,"_bbp_total_reply_count":0,"_bbp_voice_count":0,"_bbp_anonymous_reply_count":0,"_bbp_topic_count_hidden":0,"_bbp_reply_count_hidden":0,"_bbp_forum_subforum_count":0,"footnotes":""},"categories":[128,1],"tags":[191],"class_list":["post-5097","post","type-post","status-publish","format-standard","has-post-thumbnail","hentry","category-expressio","category-general","tag-dansa"],"post_mailing_queue_ids":[],"_links":{"self":[{"href":"https:\/\/agora.xtec.cat\/iesnarcismonturiol\/wp-json\/wp\/v2\/posts\/5097","targetHints":{"allow":["GET"]}}],"collection":[{"href":"https:\/\/agora.xtec.cat\/iesnarcismonturiol\/wp-json\/wp\/v2\/posts"}],"about":[{"href":"https:\/\/agora.xtec.cat\/iesnarcismonturiol\/wp-json\/wp\/v2\/types\/post"}],"author":[{"embeddable":true,"href":"https:\/\/agora.xtec.cat\/iesnarcismonturiol\/wp-json\/wp\/v2\/users\/5"}],"replies":[{"embeddable":true,"href":"https:\/\/agora.xtec.cat\/iesnarcismonturiol\/wp-json\/wp\/v2\/comments?post=5097"}],"version-history":[{"count":0,"href":"https:\/\/agora.xtec.cat\/iesnarcismonturiol\/wp-json\/wp\/v2\/posts\/5097\/revisions"}],"wp:featuredmedia":[{"embeddable":true,"href":"https:\/\/agora.xtec.cat\/iesnarcismonturiol\/wp-json\/wp\/v2\/media\/5099"}],"wp:attachment":[{"href":"https:\/\/agora.xtec.cat\/iesnarcismonturiol\/wp-json\/wp\/v2\/media?parent=5097"}],"wp:term":[{"taxonomy":"category","embeddable":true,"href":"https:\/\/agora.xtec.cat\/iesnarcismonturiol\/wp-json\/wp\/v2\/categories?post=5097"},{"taxonomy":"post_tag","embeddable":true,"href":"https:\/\/agora.xtec.cat\/iesnarcismonturiol\/wp-json\/wp\/v2\/tags?post=5097"}],"curies":[{"name":"wp","href":"https:\/\/api.w.org\/{rel}","templated":true}]}}