{"id":5081,"date":"2015-05-15T19:09:52","date_gmt":"2015-05-15T19:09:52","guid":{"rendered":"http:\/\/insmonturiol.cat\/3r-i-4t-deso-al-musical-mar-i-cel"},"modified":"2015-05-15T19:09:52","modified_gmt":"2015-05-15T19:09:52","slug":"3r-i-4t-deso-al-musical-mar-i-cel","status":"publish","type":"post","link":"https:\/\/agora.xtec.cat\/iesnarcismonturiol\/general\/3r-i-4t-deso-al-musical-mar-i-cel\/","title":{"rendered":"3r i 4t d&#8217;ESO al musical Mar i Cel"},"content":{"rendered":"<p><a href=\"http:\/\/insmonturiol.cat\/wp-content\/uploads\/2015\/05\/1-mar-i-cel.jpg\"><img loading=\"lazy\" decoding=\"async\" class=\"aligncenter size-medium wp-image-5084\" src=\"http:\/\/insmonturiol.cat\/wp-content\/uploads\/2015\/05\/1-mar-i-cel-169x300.jpg\" alt=\"1 mar i cel\" width=\"169\" height=\"300\" srcset=\"https:\/\/agora.xtec.cat\/iesnarcismonturiol\/wp-content\/uploads\/usu2521\/2015\/05\/1-mar-i-cel-169x300.jpg 169w, https:\/\/agora.xtec.cat\/iesnarcismonturiol\/wp-content\/uploads\/usu2521\/2015\/05\/1-mar-i-cel-576x1024.jpg 576w, https:\/\/agora.xtec.cat\/iesnarcismonturiol\/wp-content\/uploads\/usu2521\/2015\/05\/1-mar-i-cel.jpg 720w\" sizes=\"auto, (max-width: 169px) 100vw, 169px\" \/><\/a>Tot el nostre alumnat de 3r. i 4t. d&#8217;ESO ha pogut gaudir del conegut espectacle musical\u00a0 MAR I CEL els passats dies 6 i 13 de maig respectivament, al teatre Vict\u00f2ria<\/p>\n<p>Un gran \u00e8xit de la companyia Dagoll Dagom sota la direcci\u00f3 de Llu\u00eds Botzo, inspirat en l\u2019obra hom\u00f2nima d\u2019\u00c0ngel Guimer\u00e0,adaptada per Xavier Bru de Sala i amb m\u00fasica d&#8217;Albert Guinovart.<\/p>\n<p>Una representaci\u00f3 espectacular en tots els aspectes, que va agradar molt\u00edssim a la major part del alumnat.<\/p>\n<p>Neus Serchs, professora de\u00a0LLengua Castellana<\/p>\n","protected":false},"excerpt":{"rendered":"<p><a href=\"http:\/\/insmonturiol.cat\/wp-content\/uploads\/2015\/05\/1-mar-i-cel.jpg\"><\/a>Tot el nostre alumnat de 3r. i 4t. d&#8217;ESO ha pogut gaudir del conegut espectacle musical\u00a0 MAR I CEL els passats dies 6 i 13 de maig respectivament, al teatre Vict\u00f2ria<br \/>\nUn gran \u00e8xit de la companyia Dagoll Dagom sota la direcci\u00f3 de Llu\u00eds Botzo,&hellip;  <a href=\"https:\/\/agora.xtec.cat\/iesnarcismonturiol\/general\/3r-i-4t-deso-al-musical-mar-i-cel\/\" title=\"Read 3r i 4t d&#8217;ESO al musical Mar i Cel\">Llegeix m\u00e9s\u00bb<\/a><\/p>\n","protected":false},"author":5,"featured_media":5083,"comment_status":"closed","ping_status":"closed","sticky":false,"template":"","format":"standard","meta":{"_bbp_topic_count":0,"_bbp_reply_count":0,"_bbp_total_topic_count":0,"_bbp_total_reply_count":0,"_bbp_voice_count":0,"_bbp_anonymous_reply_count":0,"_bbp_topic_count_hidden":0,"_bbp_reply_count_hidden":0,"_bbp_forum_subforum_count":0,"footnotes":""},"categories":[120,1],"tags":[40],"class_list":["post-5081","post","type-post","status-publish","format-standard","has-post-thumbnail","hentry","category-castella","category-general","tag-teatre"],"post_mailing_queue_ids":[],"_links":{"self":[{"href":"https:\/\/agora.xtec.cat\/iesnarcismonturiol\/wp-json\/wp\/v2\/posts\/5081","targetHints":{"allow":["GET"]}}],"collection":[{"href":"https:\/\/agora.xtec.cat\/iesnarcismonturiol\/wp-json\/wp\/v2\/posts"}],"about":[{"href":"https:\/\/agora.xtec.cat\/iesnarcismonturiol\/wp-json\/wp\/v2\/types\/post"}],"author":[{"embeddable":true,"href":"https:\/\/agora.xtec.cat\/iesnarcismonturiol\/wp-json\/wp\/v2\/users\/5"}],"replies":[{"embeddable":true,"href":"https:\/\/agora.xtec.cat\/iesnarcismonturiol\/wp-json\/wp\/v2\/comments?post=5081"}],"version-history":[{"count":0,"href":"https:\/\/agora.xtec.cat\/iesnarcismonturiol\/wp-json\/wp\/v2\/posts\/5081\/revisions"}],"wp:featuredmedia":[{"embeddable":true,"href":"https:\/\/agora.xtec.cat\/iesnarcismonturiol\/wp-json\/wp\/v2\/media\/5083"}],"wp:attachment":[{"href":"https:\/\/agora.xtec.cat\/iesnarcismonturiol\/wp-json\/wp\/v2\/media?parent=5081"}],"wp:term":[{"taxonomy":"category","embeddable":true,"href":"https:\/\/agora.xtec.cat\/iesnarcismonturiol\/wp-json\/wp\/v2\/categories?post=5081"},{"taxonomy":"post_tag","embeddable":true,"href":"https:\/\/agora.xtec.cat\/iesnarcismonturiol\/wp-json\/wp\/v2\/tags?post=5081"}],"curies":[{"name":"wp","href":"https:\/\/api.w.org\/{rel}","templated":true}]}}