{"id":5076,"date":"2015-05-14T08:50:50","date_gmt":"2015-05-14T08:50:50","guid":{"rendered":"http:\/\/insmonturiol.cat\/3r-deso-visiten-colliure-i-perpinya"},"modified":"2015-05-14T08:50:50","modified_gmt":"2015-05-14T08:50:50","slug":"3r-deso-visiten-colliure-i-perpinya","status":"publish","type":"post","link":"https:\/\/agora.xtec.cat\/iesnarcismonturiol\/general\/3r-deso-visiten-colliure-i-perpinya\/","title":{"rendered":"3r d&#8217;ESO visiten Colliure i Perpiny\u00e0."},"content":{"rendered":"<p>L\u2019excursion \u00e0 Perpignan et \u00e0 Collioure que font traditionnellement chaque ann\u00e9e les \u00e9l\u00e8ves de \u00ab\u00a03r d\u2019Eso\u00a0\u00bb s\u2019est tr\u00e8s bien pass\u00e9e. Les \u00e9l\u00e8ves ont \u00e9t\u00e9 tr\u00e8s ponctuels et se sont bien amus\u00e9s\u00a0: apr\u00e8s avoir parcouru par groupes le centre de Perpignan en remplissant un dossier de fran\u00e7ais et un autre de g\u00e9ographie, ils sont all\u00e9s \u00e0 Collioure o\u00f9 ils ont dispos\u00e9 de deux heures de libert\u00e9 pour manger des croissants, des cr\u00eapes, des gaufres et des sorbets\u2026 \u00a0Apr\u00e8s, une aimable guide de l\u2019Association Antonio Machado \u00a0leur a montr\u00e9 les pas suivis par le po\u00e8te et sa famille depuis la gare jusqu\u2019au petit cimeti\u00e8re o\u00f9 il repose avec sa m\u00e8re, et l\u00e0 ils ont rendu un petit hommage \u00e0 A. Machado en lisant des po\u00e8mes sur sa tombe et en faisant une offrande de fleurs. La journ\u00e9e a \u00e9t\u00e9 tr\u00e8s agr\u00e9able.<\/p>\n","protected":false},"excerpt":{"rendered":"<p>L\u2019excursion \u00e0 Perpignan et \u00e0 Collioure que font traditionnellement chaque ann\u00e9e les \u00e9l\u00e8ves de \u00ab\u00a03r d\u2019Eso\u00a0\u00bb s\u2019est tr\u00e8s bien pass\u00e9e. Les \u00e9l\u00e8ves ont \u00e9t\u00e9 tr\u00e8s ponctuels et se sont bien amus\u00e9s\u00a0: apr\u00e8s avoir parcouru par groupes le centre de Perpignan en remplissant un dossier de&hellip;  <a href=\"https:\/\/agora.xtec.cat\/iesnarcismonturiol\/general\/3r-deso-visiten-colliure-i-perpinya\/\" title=\"Read 3r d&#8217;ESO visiten Colliure i Perpiny\u00e0.\">Llegeix m\u00e9s\u00bb<\/a><\/p>\n","protected":false},"author":5,"featured_media":5077,"comment_status":"closed","ping_status":"closed","sticky":false,"template":"","format":"standard","meta":{"_bbp_topic_count":0,"_bbp_reply_count":0,"_bbp_total_topic_count":0,"_bbp_total_reply_count":0,"_bbp_voice_count":0,"_bbp_anonymous_reply_count":0,"_bbp_topic_count_hidden":0,"_bbp_reply_count_hidden":0,"_bbp_forum_subforum_count":0,"footnotes":""},"categories":[120,1,130],"tags":[172,225],"class_list":["post-5076","post","type-post","status-publish","format-standard","has-post-thumbnail","hentry","category-castella","category-general","category-llegues-estrangeres","tag-castella","tag-frances"],"post_mailing_queue_ids":[],"_links":{"self":[{"href":"https:\/\/agora.xtec.cat\/iesnarcismonturiol\/wp-json\/wp\/v2\/posts\/5076","targetHints":{"allow":["GET"]}}],"collection":[{"href":"https:\/\/agora.xtec.cat\/iesnarcismonturiol\/wp-json\/wp\/v2\/posts"}],"about":[{"href":"https:\/\/agora.xtec.cat\/iesnarcismonturiol\/wp-json\/wp\/v2\/types\/post"}],"author":[{"embeddable":true,"href":"https:\/\/agora.xtec.cat\/iesnarcismonturiol\/wp-json\/wp\/v2\/users\/5"}],"replies":[{"embeddable":true,"href":"https:\/\/agora.xtec.cat\/iesnarcismonturiol\/wp-json\/wp\/v2\/comments?post=5076"}],"version-history":[{"count":0,"href":"https:\/\/agora.xtec.cat\/iesnarcismonturiol\/wp-json\/wp\/v2\/posts\/5076\/revisions"}],"wp:featuredmedia":[{"embeddable":true,"href":"https:\/\/agora.xtec.cat\/iesnarcismonturiol\/wp-json\/wp\/v2\/media\/5077"}],"wp:attachment":[{"href":"https:\/\/agora.xtec.cat\/iesnarcismonturiol\/wp-json\/wp\/v2\/media?parent=5076"}],"wp:term":[{"taxonomy":"category","embeddable":true,"href":"https:\/\/agora.xtec.cat\/iesnarcismonturiol\/wp-json\/wp\/v2\/categories?post=5076"},{"taxonomy":"post_tag","embeddable":true,"href":"https:\/\/agora.xtec.cat\/iesnarcismonturiol\/wp-json\/wp\/v2\/tags?post=5076"}],"curies":[{"name":"wp","href":"https:\/\/api.w.org\/{rel}","templated":true}]}}