{"id":5072,"date":"2015-05-15T08:00:58","date_gmt":"2015-05-15T08:00:58","guid":{"rendered":"http:\/\/insmonturiol.cat\/1r-de-batxillerat-a-toulousse-et-carcassone"},"modified":"2015-05-15T08:00:58","modified_gmt":"2015-05-15T08:00:58","slug":"1r-de-batxillerat-a-toulousse-et-carcassone","status":"publish","type":"post","link":"https:\/\/agora.xtec.cat\/iesnarcismonturiol\/general\/1r-de-batxillerat-a-toulousse-et-carcassone\/","title":{"rendered":"1r de Batxillerat a Toulousse et Carcassone"},"content":{"rendered":"<p><a href=\"http:\/\/insmonturiol.cat\/wp-content\/uploads\/2015\/05\/4294.jpg\"><img loading=\"lazy\" decoding=\"async\" class=\"aligncenter size-medium wp-image-5073\" src=\"http:\/\/insmonturiol.cat\/wp-content\/uploads\/2015\/05\/4294-300x200.jpg\" alt=\"4294\" width=\"300\" height=\"200\" srcset=\"https:\/\/agora.xtec.cat\/iesnarcismonturiol\/wp-content\/uploads\/usu2521\/2015\/05\/4294-300x200.jpg 300w, https:\/\/agora.xtec.cat\/iesnarcismonturiol\/wp-content\/uploads\/usu2521\/2015\/05\/4294-1024x683.jpg 1024w, https:\/\/agora.xtec.cat\/iesnarcismonturiol\/wp-content\/uploads\/usu2521\/2015\/05\/4294-768x512.jpg 768w, https:\/\/agora.xtec.cat\/iesnarcismonturiol\/wp-content\/uploads\/usu2521\/2015\/05\/4294.jpg 1510w\" sizes=\"auto, (max-width: 300px) 100vw, 300px\" \/><\/a><\/p>\n<p>Cette ann\u00e9e, les \u00e9l\u00e8ves de \u00ab\u00a01r de batxillerat\u00a0\u00bb qui sont all\u00e9s \u00e0 Toulouse et \u00e0 Carcassonne ont connu des innovations. En effet la premi\u00e8re journ\u00e9e de voyage a \u00e9t\u00e9 consacr\u00e9e \u00e0 la m\u00e9moire de l\u2019exil. Apr\u00e8s avoir visit\u00e9 le MUME (Museo Memorial de l\u2019exili) \u00e0 La Jonquera, nous sommes all\u00e9s \u00e0 Argel\u00e8s voir la longue plage o\u00f9 se trouvait le camp de r\u00e9fugi\u00e9s espagnols, \u00a0puis nous avons visit\u00e9 la Maternit\u00e9 d\u2019Elne, visite tr\u00e8s \u00e9mouvante par ailleurs. Ensuite nous avons poursuivi la route jusqu\u2019\u00e0 Toulouse o\u00f9 nous attendait un petit h\u00f4tel tr\u00e8s bien situ\u00e9 en plein centre ville. Le lendemain nous avons visit\u00e9 l\u2019usine de l\u2019Air Bus, puis les monuments historiques de la ville et le dernier jour a \u00e9t\u00e9 pour la Cit\u00e9 de l\u2019Espace et, de retour chemin de Barcelone, la cit\u00e9 m\u00e9di\u00e9vale de Carcassonne. Bref, trois journ\u00e9es tr\u00e8s bien remplies\u2026<\/p>\n<p>Cristina Menier, professora de franc\u00e8s.<\/p>\n","protected":false},"excerpt":{"rendered":"<p><a href=\"http:\/\/insmonturiol.cat\/wp-content\/uploads\/2015\/05\/4294.jpg\"><\/a><br \/>\nCette ann\u00e9e, les \u00e9l\u00e8ves de \u00ab\u00a01r de batxillerat\u00a0\u00bb qui sont all\u00e9s \u00e0 Toulouse et \u00e0 Carcassonne ont connu des innovations. En effet la premi\u00e8re journ\u00e9e de voyage a \u00e9t\u00e9 consacr\u00e9e \u00e0 la m\u00e9moire de l\u2019exil. Apr\u00e8s avoir visit\u00e9 le MUME (Museo Memorial de l\u2019exili)&hellip;  <a href=\"https:\/\/agora.xtec.cat\/iesnarcismonturiol\/general\/1r-de-batxillerat-a-toulousse-et-carcassone\/\" title=\"Read 1r de Batxillerat a Toulousse et Carcassone\">Llegeix m\u00e9s\u00bb<\/a><\/p>\n","protected":false},"author":5,"featured_media":5074,"comment_status":"closed","ping_status":"closed","sticky":false,"template":"","format":"standard","meta":{"_bbp_topic_count":0,"_bbp_reply_count":0,"_bbp_total_topic_count":0,"_bbp_total_reply_count":0,"_bbp_voice_count":0,"_bbp_anonymous_reply_count":0,"_bbp_topic_count_hidden":0,"_bbp_reply_count_hidden":0,"_bbp_forum_subforum_count":0,"footnotes":""},"categories":[123,1,130,131],"tags":[201,225,231,312],"class_list":["post-5072","post","type-post","status-publish","format-standard","has-post-thumbnail","hentry","category-ciencies-socials","category-general","category-llegues-estrangeres","category-matematiques-economia","tag-economia","tag-frances","tag-historia","tag-tecnologia"],"post_mailing_queue_ids":[],"_links":{"self":[{"href":"https:\/\/agora.xtec.cat\/iesnarcismonturiol\/wp-json\/wp\/v2\/posts\/5072","targetHints":{"allow":["GET"]}}],"collection":[{"href":"https:\/\/agora.xtec.cat\/iesnarcismonturiol\/wp-json\/wp\/v2\/posts"}],"about":[{"href":"https:\/\/agora.xtec.cat\/iesnarcismonturiol\/wp-json\/wp\/v2\/types\/post"}],"author":[{"embeddable":true,"href":"https:\/\/agora.xtec.cat\/iesnarcismonturiol\/wp-json\/wp\/v2\/users\/5"}],"replies":[{"embeddable":true,"href":"https:\/\/agora.xtec.cat\/iesnarcismonturiol\/wp-json\/wp\/v2\/comments?post=5072"}],"version-history":[{"count":0,"href":"https:\/\/agora.xtec.cat\/iesnarcismonturiol\/wp-json\/wp\/v2\/posts\/5072\/revisions"}],"wp:featuredmedia":[{"embeddable":true,"href":"https:\/\/agora.xtec.cat\/iesnarcismonturiol\/wp-json\/wp\/v2\/media\/5074"}],"wp:attachment":[{"href":"https:\/\/agora.xtec.cat\/iesnarcismonturiol\/wp-json\/wp\/v2\/media?parent=5072"}],"wp:term":[{"taxonomy":"category","embeddable":true,"href":"https:\/\/agora.xtec.cat\/iesnarcismonturiol\/wp-json\/wp\/v2\/categories?post=5072"},{"taxonomy":"post_tag","embeddable":true,"href":"https:\/\/agora.xtec.cat\/iesnarcismonturiol\/wp-json\/wp\/v2\/tags?post=5072"}],"curies":[{"name":"wp","href":"https:\/\/api.w.org\/{rel}","templated":true}]}}