{"id":5032,"date":"2015-04-28T13:04:21","date_gmt":"2015-04-28T13:04:21","guid":{"rendered":"http:\/\/insmonturiol.cat\/art-al-carrer-amb-2n-deso"},"modified":"2015-04-28T13:04:21","modified_gmt":"2015-04-28T13:04:21","slug":"art-al-carrer-amb-2n-deso","status":"publish","type":"post","link":"https:\/\/agora.xtec.cat\/iesnarcismonturiol\/general\/art-al-carrer-amb-2n-deso\/","title":{"rendered":"Art al Carrer amb 2n d&#8217;ESO"},"content":{"rendered":"<p dir=\"ltr\"><a href=\"http:\/\/insmonturiol.cat\/wp-content\/uploads\/2015\/04\/IMG_20150310_122123-1.jpg\"><img loading=\"lazy\" decoding=\"async\" class=\"aligncenter size-medium wp-image-5033\" src=\"http:\/\/insmonturiol.cat\/wp-content\/uploads\/2015\/04\/IMG_20150310_122123-1-300x169.jpg\" alt=\"2n eso art al carrer 3\" width=\"300\" height=\"169\" srcset=\"https:\/\/agora.xtec.cat\/iesnarcismonturiol\/wp-content\/uploads\/usu2521\/2015\/04\/IMG_20150310_122123-1-300x169.jpg 300w, https:\/\/agora.xtec.cat\/iesnarcismonturiol\/wp-content\/uploads\/usu2521\/2015\/04\/IMG_20150310_122123-1-1024x576.jpg 1024w, https:\/\/agora.xtec.cat\/iesnarcismonturiol\/wp-content\/uploads\/usu2521\/2015\/04\/IMG_20150310_122123-1-768x432.jpg 768w, https:\/\/agora.xtec.cat\/iesnarcismonturiol\/wp-content\/uploads\/usu2521\/2015\/04\/IMG_20150310_122123-1-1536x864.jpg 1536w, https:\/\/agora.xtec.cat\/iesnarcismonturiol\/wp-content\/uploads\/usu2521\/2015\/04\/IMG_20150310_122123-1-2048x1152.jpg 2048w\" sizes=\"auto, (max-width: 300px) 100vw, 300px\" \/><\/a> <a href=\"http:\/\/insmonturiol.cat\/wp-content\/uploads\/2015\/04\/image-5.jpeg\"><img loading=\"lazy\" decoding=\"async\" class=\"aligncenter size-medium wp-image-5035\" src=\"http:\/\/insmonturiol.cat\/wp-content\/uploads\/2015\/04\/image-5-300x224.jpeg\" alt=\"art al carrer 2n eso 1\" width=\"300\" height=\"224\" srcset=\"https:\/\/agora.xtec.cat\/iesnarcismonturiol\/wp-content\/uploads\/usu2521\/2015\/04\/image-5-300x224.jpeg 300w, https:\/\/agora.xtec.cat\/iesnarcismonturiol\/wp-content\/uploads\/usu2521\/2015\/04\/image-5-200x150.jpeg 200w, https:\/\/agora.xtec.cat\/iesnarcismonturiol\/wp-content\/uploads\/usu2521\/2015\/04\/image-5.jpeg 640w\" sizes=\"auto, (max-width: 300px) 100vw, 300px\" \/><\/a><\/p>\n<p dir=\"ltr\">L&#8217;activitat Art al Carrer, consistia en fer un graffiti amb una frase contra el rebuig. Ha sigut una activitat molt motivadora i divertida, perqu\u00e8 barrejava una cosa actual, amb una idea que es fa molt pesada si no l&#8217;expliques b\u00e9. Tamb\u00e9 ha estat molt b\u00e9 sortir al carrer i no estar, com sempre, tancats a l&#8217;aula. A mi m&#8217;ha agradat molt i m&#8217;agradaria fer-ne m\u00e9s d&#8217;aquest estil o semblants. La nostra profeesora en pr\u00e0ctiques ho ha fet molt b\u00e9. Felicitats.<\/p>\n<p dir=\"ltr\">Magal\u00ed Sureda 2esoA<\/p>\n<p dir=\"ltr\"><a href=\"http:\/\/insmonturiol.cat\/wp-content\/uploads\/2015\/04\/20150324_132956.jpg\"><img loading=\"lazy\" decoding=\"async\" class=\"aligncenter size-medium wp-image-5037\" src=\"http:\/\/insmonturiol.cat\/wp-content\/uploads\/2015\/04\/20150324_132956-300x180.jpg\" alt=\"art al carrer 2n eso 4\" width=\"300\" height=\"180\" srcset=\"https:\/\/agora.xtec.cat\/iesnarcismonturiol\/wp-content\/uploads\/usu2521\/2015\/04\/20150324_132956-300x180.jpg 300w, https:\/\/agora.xtec.cat\/iesnarcismonturiol\/wp-content\/uploads\/usu2521\/2015\/04\/20150324_132956-1024x614.jpg 1024w, https:\/\/agora.xtec.cat\/iesnarcismonturiol\/wp-content\/uploads\/usu2521\/2015\/04\/20150324_132956-768x461.jpg 768w, https:\/\/agora.xtec.cat\/iesnarcismonturiol\/wp-content\/uploads\/usu2521\/2015\/04\/20150324_132956-1536x922.jpg 1536w, https:\/\/agora.xtec.cat\/iesnarcismonturiol\/wp-content\/uploads\/usu2521\/2015\/04\/20150324_132956-2048x1229.jpg 2048w\" sizes=\"auto, (max-width: 300px) 100vw, 300px\" \/><\/a><\/p>\n","protected":false},"excerpt":{"rendered":"<p><a href=\"http:\/\/insmonturiol.cat\/wp-content\/uploads\/2015\/04\/IMG_20150310_122123-1.jpg\"><\/a> <a href=\"http:\/\/insmonturiol.cat\/wp-content\/uploads\/2015\/04\/image-5.jpeg\"><\/a><br \/>\nL&#8217;activitat Art al Carrer, consistia en fer un graffiti amb una frase contra el rebuig. Ha sigut una activitat molt motivadora i divertida, perqu\u00e8 barrejava una cosa actual, amb una idea que es fa molt pesada si no l&#8217;expliques b\u00e9. Tamb\u00e9 ha&hellip;  <a href=\"https:\/\/agora.xtec.cat\/iesnarcismonturiol\/general\/art-al-carrer-amb-2n-deso\/\" title=\"Read Art al Carrer amb 2n d&#8217;ESO\">Llegeix m\u00e9s\u00bb<\/a><\/p>\n","protected":false},"author":5,"featured_media":5035,"comment_status":"closed","ping_status":"closed","sticky":false,"template":"","format":"standard","meta":{"_bbp_topic_count":0,"_bbp_reply_count":0,"_bbp_total_topic_count":0,"_bbp_total_reply_count":0,"_bbp_voice_count":0,"_bbp_anonymous_reply_count":0,"_bbp_topic_count_hidden":0,"_bbp_reply_count_hidden":0,"_bbp_forum_subforum_count":0,"footnotes":""},"categories":[128,1],"tags":[196],"class_list":["post-5032","post","type-post","status-publish","format-standard","has-post-thumbnail","hentry","category-expressio","category-general","tag-dibuix"],"post_mailing_queue_ids":[],"_links":{"self":[{"href":"https:\/\/agora.xtec.cat\/iesnarcismonturiol\/wp-json\/wp\/v2\/posts\/5032","targetHints":{"allow":["GET"]}}],"collection":[{"href":"https:\/\/agora.xtec.cat\/iesnarcismonturiol\/wp-json\/wp\/v2\/posts"}],"about":[{"href":"https:\/\/agora.xtec.cat\/iesnarcismonturiol\/wp-json\/wp\/v2\/types\/post"}],"author":[{"embeddable":true,"href":"https:\/\/agora.xtec.cat\/iesnarcismonturiol\/wp-json\/wp\/v2\/users\/5"}],"replies":[{"embeddable":true,"href":"https:\/\/agora.xtec.cat\/iesnarcismonturiol\/wp-json\/wp\/v2\/comments?post=5032"}],"version-history":[{"count":0,"href":"https:\/\/agora.xtec.cat\/iesnarcismonturiol\/wp-json\/wp\/v2\/posts\/5032\/revisions"}],"wp:featuredmedia":[{"embeddable":true,"href":"https:\/\/agora.xtec.cat\/iesnarcismonturiol\/wp-json\/wp\/v2\/media\/5035"}],"wp:attachment":[{"href":"https:\/\/agora.xtec.cat\/iesnarcismonturiol\/wp-json\/wp\/v2\/media?parent=5032"}],"wp:term":[{"taxonomy":"category","embeddable":true,"href":"https:\/\/agora.xtec.cat\/iesnarcismonturiol\/wp-json\/wp\/v2\/categories?post=5032"},{"taxonomy":"post_tag","embeddable":true,"href":"https:\/\/agora.xtec.cat\/iesnarcismonturiol\/wp-json\/wp\/v2\/tags?post=5032"}],"curies":[{"name":"wp","href":"https:\/\/api.w.org\/{rel}","templated":true}]}}