{"id":4920,"date":"2015-04-13T14:14:51","date_gmt":"2015-04-13T14:14:51","guid":{"rendered":"http:\/\/insmonturiol.cat\/a-3r-deso-fem-practiques-danatomia"},"modified":"2015-04-13T14:14:51","modified_gmt":"2015-04-13T14:14:51","slug":"a-3r-deso-fem-practiques-danatomia","status":"publish","type":"post","link":"https:\/\/agora.xtec.cat\/iesnarcismonturiol\/general\/a-3r-deso-fem-practiques-danatomia\/","title":{"rendered":"A 3r d&#8217;ESO fem Pr\u00e0ctiques d&#8217;Anatomia"},"content":{"rendered":"<p>L&#8217;altre dia al laboratori de ci\u00e8ncies naturals la classe de 3r A va efectuar la dissecci\u00f3 d&#8217;un rony\u00f3 de xai.\u00a0Per fer-la vam utilitzar, com sempre, dues agulles emmanegades, unes tisores i unes pinces.<\/p>\n<p>Primer de tot, vam veure el rony\u00f3 tot cobert de greix i tenia un aspecte aix\u00ed:<\/p>\n<p><a href=\"http:\/\/insmonturiol.cat\/wp-content\/uploads\/2015\/04\/ronyo-1.jpg\"><img loading=\"lazy\" decoding=\"async\" class=\"aligncenter size-medium wp-image-4921\" src=\"http:\/\/insmonturiol.cat\/wp-content\/uploads\/2015\/04\/ronyo-1-300x225.jpg\" alt=\"ronyo 1\" width=\"300\" height=\"225\" srcset=\"https:\/\/agora.xtec.cat\/iesnarcismonturiol\/wp-content\/uploads\/usu2521\/2015\/04\/ronyo-1-300x225.jpg 300w, https:\/\/agora.xtec.cat\/iesnarcismonturiol\/wp-content\/uploads\/usu2521\/2015\/04\/ronyo-1-1024x768.jpg 1024w, https:\/\/agora.xtec.cat\/iesnarcismonturiol\/wp-content\/uploads\/usu2521\/2015\/04\/ronyo-1-768x576.jpg 768w, https:\/\/agora.xtec.cat\/iesnarcismonturiol\/wp-content\/uploads\/usu2521\/2015\/04\/ronyo-1-1536x1152.jpg 1536w, https:\/\/agora.xtec.cat\/iesnarcismonturiol\/wp-content\/uploads\/usu2521\/2015\/04\/ronyo-1-2048x1536.jpg 2048w, https:\/\/agora.xtec.cat\/iesnarcismonturiol\/wp-content\/uploads\/usu2521\/2015\/04\/ronyo-1-200x150.jpg 200w\" sizes=\"auto, (max-width: 300px) 100vw, 300px\" \/><\/a> <a href=\"http:\/\/insmonturiol.cat\/wp-content\/uploads\/2015\/04\/ronyo-2.jpg\"><br \/>\n<\/a> <a href=\"http:\/\/insmonturiol.cat\/wp-content\/uploads\/2015\/04\/ronyo-3.jpg\"><br \/>\n<\/a><\/p>\n<p>Aix\u00f2 es deu a que \u00e9s un \u00f2rgan molt susceptible i per tant el greix el protegeix.<\/p>\n<p>Un cop treta, el rony\u00f3 es veia aix\u00ed:<\/p>\n<p><img loading=\"lazy\" decoding=\"async\" class=\"aligncenter size-medium wp-image-4922\" src=\"http:\/\/insmonturiol.cat\/wp-content\/uploads\/2015\/04\/ronyo-2-225x300.jpg\" alt=\"ronyo 2\" width=\"225\" height=\"300\" srcset=\"https:\/\/agora.xtec.cat\/iesnarcismonturiol\/wp-content\/uploads\/usu2521\/2015\/04\/ronyo-2-225x300.jpg 225w, https:\/\/agora.xtec.cat\/iesnarcismonturiol\/wp-content\/uploads\/usu2521\/2015\/04\/ronyo-2-768x1024.jpg 768w, https:\/\/agora.xtec.cat\/iesnarcismonturiol\/wp-content\/uploads\/usu2521\/2015\/04\/ronyo-2-1152x1536.jpg 1152w, https:\/\/agora.xtec.cat\/iesnarcismonturiol\/wp-content\/uploads\/usu2521\/2015\/04\/ronyo-2-1536x2048.jpg 1536w, https:\/\/agora.xtec.cat\/iesnarcismonturiol\/wp-content\/uploads\/usu2521\/2015\/04\/ronyo-2-scaled.jpg 1920w\" sizes=\"auto, (max-width: 225px) 100vw, 225px\" \/><\/p>\n<p>Tot seguit, vam tallar el tub que \u00e9s a la part central del rony\u00f3: l&#8217;ur\u00e8ter, amb l&#8217;objectiu de poder identificar les venes i les art\u00e8ries renals. Llavors el vam obrir per identificar les parts internes de l&#8217;\u00f2rgan:<\/p>\n<p><img loading=\"lazy\" decoding=\"async\" class=\"aligncenter size-medium wp-image-4923\" src=\"http:\/\/insmonturiol.cat\/wp-content\/uploads\/2015\/04\/ronyo-3-300x225.jpg\" alt=\"ronyo 3\" width=\"300\" height=\"225\" srcset=\"https:\/\/agora.xtec.cat\/iesnarcismonturiol\/wp-content\/uploads\/usu2521\/2015\/04\/ronyo-3-300x225.jpg 300w, https:\/\/agora.xtec.cat\/iesnarcismonturiol\/wp-content\/uploads\/usu2521\/2015\/04\/ronyo-3-1024x768.jpg 1024w, https:\/\/agora.xtec.cat\/iesnarcismonturiol\/wp-content\/uploads\/usu2521\/2015\/04\/ronyo-3-768x576.jpg 768w, https:\/\/agora.xtec.cat\/iesnarcismonturiol\/wp-content\/uploads\/usu2521\/2015\/04\/ronyo-3-1536x1152.jpg 1536w, https:\/\/agora.xtec.cat\/iesnarcismonturiol\/wp-content\/uploads\/usu2521\/2015\/04\/ronyo-3-2048x1536.jpg 2048w, https:\/\/agora.xtec.cat\/iesnarcismonturiol\/wp-content\/uploads\/usu2521\/2015\/04\/ronyo-3-200x150.jpg 200w\" sizes=\"auto, (max-width: 300px) 100vw, 300px\" \/><\/p>\n<p>La part per on passava l&#8217;ur\u00e8ter s&#8217;anomena pelvis renal i aquests cercles que t\u00e9 al costat s&#8217;anomenen pir\u00e0mides perqu\u00e8 si les veiem per dins tenen forma de pir\u00e0mide:<\/p>\n<p><a href=\"http:\/\/insmonturiol.cat\/wp-content\/uploads\/2015\/04\/ronyo-4.jpg\"><img loading=\"lazy\" decoding=\"async\" class=\"aligncenter size-medium wp-image-4924\" src=\"http:\/\/insmonturiol.cat\/wp-content\/uploads\/2015\/04\/ronyo-4-225x300.jpg\" alt=\"ronyo 4\" width=\"225\" height=\"300\" srcset=\"https:\/\/agora.xtec.cat\/iesnarcismonturiol\/wp-content\/uploads\/usu2521\/2015\/04\/ronyo-4-225x300.jpg 225w, https:\/\/agora.xtec.cat\/iesnarcismonturiol\/wp-content\/uploads\/usu2521\/2015\/04\/ronyo-4-768x1024.jpg 768w, https:\/\/agora.xtec.cat\/iesnarcismonturiol\/wp-content\/uploads\/usu2521\/2015\/04\/ronyo-4-1152x1536.jpg 1152w, https:\/\/agora.xtec.cat\/iesnarcismonturiol\/wp-content\/uploads\/usu2521\/2015\/04\/ronyo-4-1536x2048.jpg 1536w, https:\/\/agora.xtec.cat\/iesnarcismonturiol\/wp-content\/uploads\/usu2521\/2015\/04\/ronyo-4-scaled.jpg 1920w\" sizes=\"auto, (max-width: 225px) 100vw, 225px\" \/><\/a><br \/>\nel rony\u00f3 t\u00e9 unes petites unitats anomenades nefrons que se situen a la part on acaben les venes i art\u00e8ries renals i tenen la funci\u00f3 d&#8217;extreure les toxines de la sang i convertir-les en orins que sortiran per la bufeta. Cada rony\u00f3 t\u00e9 m\u00e9s d&#8217;un mili\u00f3 de nefrons i s\u00f3n tan petits que no es veuen a simple vista.<\/p>\n<p>DAVID D\u00cdAZ, 3r d&#8217;ESO A<\/p>\n<p>&nbsp;<\/p>\n","protected":false},"excerpt":{"rendered":"<p>L&#8217;altre dia al laboratori de ci\u00e8ncies naturals la classe de 3r A va efectuar la dissecci\u00f3 d&#8217;un rony\u00f3 de xai.\u00a0Per fer-la vam utilitzar, com sempre, dues agulles emmanegades, unes tisores i unes pinces.<br \/>\nPrimer de tot, vam veure el rony\u00f3 tot cobert de greix i tenia&hellip;  <a href=\"https:\/\/agora.xtec.cat\/iesnarcismonturiol\/general\/a-3r-deso-fem-practiques-danatomia\/\" title=\"Read A 3r d&#8217;ESO fem Pr\u00e0ctiques d&#8217;Anatomia\">Llegeix m\u00e9s\u00bb<\/a><\/p>\n","protected":false},"author":5,"featured_media":4922,"comment_status":"closed","ping_status":"closed","sticky":false,"template":"","format":"standard","meta":{"_bbp_topic_count":0,"_bbp_reply_count":0,"_bbp_total_topic_count":0,"_bbp_total_reply_count":0,"_bbp_voice_count":0,"_bbp_anonymous_reply_count":0,"_bbp_topic_count_hidden":0,"_bbp_reply_count_hidden":0,"_bbp_forum_subforum_count":0,"footnotes":""},"categories":[122,1],"tags":[151],"class_list":["post-4920","post","type-post","status-publish","format-standard","has-post-thumbnail","hentry","category-ciencies-naturals","category-general","tag-anatomia"],"post_mailing_queue_ids":[],"_links":{"self":[{"href":"https:\/\/agora.xtec.cat\/iesnarcismonturiol\/wp-json\/wp\/v2\/posts\/4920","targetHints":{"allow":["GET"]}}],"collection":[{"href":"https:\/\/agora.xtec.cat\/iesnarcismonturiol\/wp-json\/wp\/v2\/posts"}],"about":[{"href":"https:\/\/agora.xtec.cat\/iesnarcismonturiol\/wp-json\/wp\/v2\/types\/post"}],"author":[{"embeddable":true,"href":"https:\/\/agora.xtec.cat\/iesnarcismonturiol\/wp-json\/wp\/v2\/users\/5"}],"replies":[{"embeddable":true,"href":"https:\/\/agora.xtec.cat\/iesnarcismonturiol\/wp-json\/wp\/v2\/comments?post=4920"}],"version-history":[{"count":0,"href":"https:\/\/agora.xtec.cat\/iesnarcismonturiol\/wp-json\/wp\/v2\/posts\/4920\/revisions"}],"wp:featuredmedia":[{"embeddable":true,"href":"https:\/\/agora.xtec.cat\/iesnarcismonturiol\/wp-json\/wp\/v2\/media\/4922"}],"wp:attachment":[{"href":"https:\/\/agora.xtec.cat\/iesnarcismonturiol\/wp-json\/wp\/v2\/media?parent=4920"}],"wp:term":[{"taxonomy":"category","embeddable":true,"href":"https:\/\/agora.xtec.cat\/iesnarcismonturiol\/wp-json\/wp\/v2\/categories?post=4920"},{"taxonomy":"post_tag","embeddable":true,"href":"https:\/\/agora.xtec.cat\/iesnarcismonturiol\/wp-json\/wp\/v2\/tags?post=4920"}],"curies":[{"name":"wp","href":"https:\/\/api.w.org\/{rel}","templated":true}]}}