{"id":4887,"date":"2015-04-07T12:29:05","date_gmt":"2015-04-07T12:29:05","guid":{"rendered":"http:\/\/insmonturiol.cat\/cuines-del-mon-3r-deso-presenta-el-seu-projecte-de-geografia"},"modified":"2015-04-07T12:29:05","modified_gmt":"2015-04-07T12:29:05","slug":"cuines-del-mon-3r-deso-presenta-el-seu-projecte-de-geografia","status":"publish","type":"post","link":"https:\/\/agora.xtec.cat\/iesnarcismonturiol\/general\/cuines-del-mon-3r-deso-presenta-el-seu-projecte-de-geografia\/","title":{"rendered":"Cuines del M\u00f3n. 3r d&#8217;ESO presenta el seu Projecte de Geografia."},"content":{"rendered":"<table style=\"border-collapse: collapse; border-color: #888888; border-width: 1px;\" border=\"1\" cellspacing=\"0\">\n<tbody>\n<tr>\n<td style=\"width: 60px;\">\u00a0<img loading=\"lazy\" decoding=\"async\" class=\"aligncenter size-medium wp-image-4911\" src=\"http:\/\/insmonturiol.cat\/wp-content\/uploads\/2015\/04\/02_Concurs_Cuines-del-m\u00f3n_Fotos_25-3-20151-200x300.jpg\" alt=\"02_Concurs_Cuines-del-m\u00f3n_Fotos_25-3-2015\" width=\"200\" height=\"300\" \/><a href=\"http:\/\/insmonturiol.cat\/wp-content\/uploads\/2015\/04\/08_Concurs_Cuines-del-m\u00f3n_Fotos_25-3-2015.jpg\"><br \/>\n<\/a><\/td>\n<td style=\"width: 60px;\">\u00a0<a href=\"http:\/\/insmonturiol.cat\/wp-content\/uploads\/2015\/04\/08_Concurs_Cuines-del-m\u00f3n_Fotos_25-3-2015-2.jpg\"><img loading=\"lazy\" decoding=\"async\" class=\"aligncenter size-medium wp-image-4917\" src=\"http:\/\/insmonturiol.cat\/wp-content\/uploads\/2015\/04\/08_Concurs_Cuines-del-m\u00f3n_Fotos_25-3-2015-2-300x200.jpg\" alt=\"08_Concurs_Cuines-del-m\u00f3n_Fotos_25-3-2015 (2)\" width=\"300\" height=\"200\" \/><\/a><\/td>\n<td style=\"width: 60px;\">\u00a0<img loading=\"lazy\" decoding=\"async\" class=\"aligncenter size-medium wp-image-4915\" src=\"http:\/\/insmonturiol.cat\/wp-content\/uploads\/2015\/04\/06_Concurs_Cuines-del-m\u00f3n_Fotos_25-3-2015-2-300x200.jpg\" alt=\"06_Concurs_Cuines-del-m\u00f3n_Fotos_25-3-2015 (2)\" width=\"300\" height=\"200\" \/><a href=\"http:\/\/insmonturiol.cat\/wp-content\/uploads\/2015\/04\/06_Concurs_Cuines-del-m\u00f3n_Fotos_25-3-2015-2.jpg\"><br \/>\n<\/a><\/td>\n<td style=\"width: 60px;\">\u00a0<a href=\"http:\/\/insmonturiol.cat\/wp-content\/uploads\/2015\/04\/06_Concurs_Cuines-del-m\u00f3n_Fotos_25-3-2015-2.jpg\"><br \/>\n<\/a><\/td>\n<\/tr>\n<tr>\n<td style=\"width: 60px;\">\u00a0<a href=\"http:\/\/insmonturiol.cat\/wp-content\/uploads\/2015\/04\/05_Concurs_Cuines-del-m\u00f3n_Fotos_25-3-2015.jpg\"><img loading=\"lazy\" decoding=\"async\" class=\"aligncenter size-medium wp-image-4914\" src=\"http:\/\/insmonturiol.cat\/wp-content\/uploads\/2015\/04\/05_Concurs_Cuines-del-m\u00f3n_Fotos_25-3-2015-300x200.jpg\" alt=\"05_Concurs_Cuines-del-m\u00f3n_Fotos_25-3-2015\" width=\"300\" height=\"200\" \/><\/a><\/td>\n<td style=\"width: 60px;\">\u00a0<a href=\"http:\/\/insmonturiol.cat\/wp-content\/uploads\/2015\/04\/04_Concurs_Cuines-del-m\u00f3n_Fotos_25-3-2015-2.jpg\"><img loading=\"lazy\" decoding=\"async\" class=\"aligncenter size-medium wp-image-4913\" src=\"http:\/\/insmonturiol.cat\/wp-content\/uploads\/2015\/04\/04_Concurs_Cuines-del-m\u00f3n_Fotos_25-3-2015-2-300x200.jpg\" alt=\"04_Concurs_Cuines-del-m\u00f3n_Fotos_25-3-2015 (2)\" width=\"300\" height=\"200\" \/><\/a><\/td>\n<td style=\"width: 60px;\">\u00a0<a href=\"http:\/\/insmonturiol.cat\/wp-content\/uploads\/2015\/04\/03_Concurs_Cuines-del-m\u00f3n_Fotos_25-3-20151.jpg\"><img loading=\"lazy\" decoding=\"async\" class=\"aligncenter size-medium wp-image-4912\" src=\"http:\/\/insmonturiol.cat\/wp-content\/uploads\/2015\/04\/03_Concurs_Cuines-del-m\u00f3n_Fotos_25-3-20151-300x200.jpg\" alt=\"03_Concurs_Cuines-del-m\u00f3n_Fotos_25-3-2015\" width=\"300\" height=\"200\" \/><\/a><a href=\"http:\/\/insmonturiol.cat\/wp-content\/uploads\/2015\/04\/04_Concurs_Cuines-del-m\u00f3n_Fotos_25-3-2015-2.jpg\"><br \/>\n<\/a><\/td>\n<td style=\"width: 60px;\">\u00a0<a href=\"http:\/\/insmonturiol.cat\/wp-content\/uploads\/2015\/04\/02_Concurs_Cuines-del-m\u00f3n_Fotos_25-3-20151.jpg\"><br \/>\n<\/a><\/td>\n<\/tr>\n<tr>\n<td>\u00a0<a href=\"http:\/\/insmonturiol.cat\/wp-content\/uploads\/2015\/04\/01_Concurs_Cuines-del-m\u00f3n_Fotos_25-3-20151.jpg\"><img loading=\"lazy\" decoding=\"async\" class=\"aligncenter size-medium wp-image-4910\" src=\"http:\/\/insmonturiol.cat\/wp-content\/uploads\/2015\/04\/01_Concurs_Cuines-del-m\u00f3n_Fotos_25-3-20151-200x300.jpg\" alt=\"01_Concurs_Cuines-del-m\u00f3n_Fotos_25-3-2015\" width=\"200\" height=\"300\" \/><\/a><\/td>\n<td>\u00a0<a href=\"http:\/\/insmonturiol.cat\/wp-content\/uploads\/2015\/04\/09_Concurs_Cuines-del-m\u00f3n_Fotos_25-3-2015.jpg\"><img loading=\"lazy\" decoding=\"async\" class=\"aligncenter size-medium wp-image-4888\" src=\"http:\/\/insmonturiol.cat\/wp-content\/uploads\/2015\/04\/09_Concurs_Cuines-del-m\u00f3n_Fotos_25-3-2015-300x200.jpg\" alt=\"09_Concurs_Cuines-del-m\u00f3n_Fotos_25-3-2015\" width=\"300\" height=\"200\" \/><\/a><a href=\"http:\/\/insmonturiol.cat\/wp-content\/uploads\/2015\/04\/20_Concurs_Cuines-del-m\u00f3n_Fotos_25-3-2015-2.jpg\"><br \/>\n<\/a><\/td>\n<td>\u00a0<a href=\"http:\/\/insmonturiol.cat\/wp-content\/uploads\/2015\/04\/19_Concurs_Cuines-del-m\u00f3n_Fotos_25-3-2015.jpg\"><img loading=\"lazy\" decoding=\"async\" class=\"aligncenter size-medium wp-image-4908\" src=\"http:\/\/insmonturiol.cat\/wp-content\/uploads\/2015\/04\/19_Concurs_Cuines-del-m\u00f3n_Fotos_25-3-2015-300x200.jpg\" alt=\"19_Concurs_Cuines-del-m\u00f3n_Fotos_25-3-2015\" width=\"300\" height=\"200\" \/><\/a><\/td>\n<td>\u00a0<a href=\"http:\/\/insmonturiol.cat\/wp-content\/uploads\/2015\/04\/19_Concurs_Cuines-del-m\u00f3n_Fotos_25-3-2015-2.jpg\"><br \/>\n<\/a><\/td>\n<\/tr>\n<\/tbody>\n<\/table>\n<p>&nbsp;<\/p>\n<p>L\u2019activitat ha comptat amb la participaci\u00f3 dels 60 alumnes dels dos grups de 3r curs d\u2019ESO. S&#8217;han treballat 7 \u00e0rees geogr\u00e0fiques: Europa Occidental, Europa de l&#8217;Est, \u00c0frica, Am\u00e8rica de Nord i Central, Am\u00e8rica de Sud, \u00c0sia Oriental, i Oceania. El treball s\u2019ha desenvolupat repartint les diferents tasques sobre l\u2019\u00e0rea geogr\u00e0fica assignada, en grups de quatre alumnes, ha estat lliurat i avaluat en format de presentaci\u00f3 en xarxa compartida de Google-Drive, i presentat en exposici\u00f3 oral davant del grup classe en la mat\u00e8ria de Geografia.<a href=\"http:\/\/insmonturiol.cat\/wp-content\/uploads\/2015\/04\/02_Concurs_Cuines-del-m\u00f3n_Fotos_25-3-2015.jpg\"><br \/>\n<\/a> <a href=\"http:\/\/insmonturiol.cat\/wp-content\/uploads\/2015\/04\/03_Concurs_Cuines-del-m\u00f3n_Fotos_25-3-2015.jpg\"><br \/>\n<\/a>L\u2019activitat pr\u00e0ctica t\u00e9 uns objectius did\u00e0ctics propis de coneixement de la geografia universal i l\u2019adquisici\u00f3 d\u2019habilitats i t\u00e8cniques geogr\u00e0fiques, i d\u2019altres continguts transversals, com la millora de la comunicaci\u00f3 escrita i les t\u00e8cniques d\u2019expressi\u00f3 oral, l\u2019\u00fas d\u2019eines inform\u00e0tiques, c\u00e0lculs matem\u00e0tics, disseny art\u00edstic, foment de valors com el respecte per la diversitat i el treball col\u00b7laboratiu, i l\u2019aprenentatge compartit de la pr\u00e0ctica culin\u00e0ria.<\/p>\n<p>El dia 25 de mar\u00e7 de 2015, els i les alumnes han elaborat una proposta de men\u00fa i un disseny \u00e8tnic de parament d\u2019una taula. Els projectes han estat valorats per un tribunal, el qual ha procedit al tast dels men\u00fas i la valoraci\u00f3 dels treballs presentats:\u00a0<strong><em>I Premi Cuines del M\u00f3n<\/em><\/strong>, al millor men\u00fa de grup:\u00a0Grup d\u2019\u00c0frica, format per: Imane, Enya, Mireia i Beatriz.\u00a0<strong><em>II Premi Cuines del M\u00f3n<\/em><\/strong>, al millor projecte t\u00e8cnic de Geografia:\u00a0Grup d\u2019Europa de l\u2019Est, format per: Dorian, Enrique, Vlad i Jaume.\u00a0<strong><em>III Premi Cuines del M\u00f3n<\/em><\/strong><strong>,<\/strong> al millor disseny de presentaci\u00f3 i parament \u00e8tnic de grup:\u00a0Grup d\u2019Am\u00e8rica del Nord, de format per: Raquel, Sabrina, Leia i Eva.\u00a0<strong><em>I Premi especial al millor plat<\/em><\/strong>: Clara i Mar (<em>Lamington<\/em>, postres d\u2019Oceania)\u00a0<strong><em>II Premi especial al millor plat<\/em><\/strong>: \u00c0lex (<em>Baklava<\/em>, postres d\u2019\u00c0frica) i\u00a0<strong><em>III Premi especial al millor plat<\/em><\/strong>: Max (<em>Tabbouleh<\/em>, plat d\u2019\u00c0frica)<\/p>\n<p>S\u00f2nia Torres, professora Ci\u00e8ncies Socials<\/p>\n","protected":false},"excerpt":{"rendered":"<p>\u00a0<a href=\"http:\/\/insmonturiol.cat\/wp-content\/uploads\/2015\/04\/08_Concurs_Cuines-del-m\u00f3n_Fotos_25-3-2015.jpg\"><br \/>\n<\/a><br \/>\n\u00a0<a href=\"http:\/\/insmonturiol.cat\/wp-content\/uploads\/2015\/04\/08_Concurs_Cuines-del-m\u00f3n_Fotos_25-3-2015-2.jpg\"><\/a><br \/>\n\u00a0<a href=\"http:\/\/insmonturiol.cat\/wp-content\/uploads\/2015\/04\/06_Concurs_Cuines-del-m\u00f3n_Fotos_25-3-2015-2.jpg\"><br \/>\n<\/a><br \/>\n\u00a0<a href=\"http:\/\/insmonturiol.cat\/wp-content\/uploads\/2015\/04\/06_Concurs_Cuines-del-m\u00f3n_Fotos_25-3-2015-2.jpg\"><br \/>\n<\/a><\/p>\n<p>\u00a0<a href=\"http:\/\/insmonturiol.cat\/wp-content\/uploads\/2015\/04\/05_Concurs_Cuines-del-m\u00f3n_Fotos_25-3-2015.jpg\"><\/a><br \/>\n\u00a0<a href=\"http:\/\/insmonturiol.cat\/wp-content\/uploads\/2015\/04\/04_Concurs_Cuines-del-m\u00f3n_Fotos_25-3-2015-2.jpg\"><\/a><br \/>\n\u00a0<a href=\"http:\/\/insmonturiol.cat\/wp-content\/uploads\/2015\/04\/03_Concurs_Cuines-del-m\u00f3n_Fotos_25-3-20151.jpg\"><\/a><a href=\"http:\/\/insmonturiol.cat\/wp-content\/uploads\/2015\/04\/04_Concurs_Cuines-del-m\u00f3n_Fotos_25-3-2015-2.jpg\"><br \/>\n<\/a><br \/>\n\u00a0<a href=\"http:\/\/insmonturiol.cat\/wp-content\/uploads\/2015\/04\/02_Concurs_Cuines-del-m\u00f3n_Fotos_25-3-20151.jpg\"><br \/>\n<\/a><\/p>\n<p>\u00a0<a href=\"http:\/\/insmonturiol.cat\/wp-content\/uploads\/2015\/04\/01_Concurs_Cuines-del-m\u00f3n_Fotos_25-3-20151.jpg\"><\/a><br \/>\n\u00a0<a href=\"http:\/\/insmonturiol.cat\/wp-content\/uploads\/2015\/04\/09_Concurs_Cuines-del-m\u00f3n_Fotos_25-3-2015.jpg\"><\/a><a href=\"http:\/\/insmonturiol.cat\/wp-content\/uploads\/2015\/04\/20_Concurs_Cuines-del-m\u00f3n_Fotos_25-3-2015-2.jpg\"><br \/>\n<\/a><br \/>\n\u00a0<a href=\"http:\/\/insmonturiol.cat\/wp-content\/uploads\/2015\/04\/19_Concurs_Cuines-del-m\u00f3n_Fotos_25-3-2015.jpg\"><\/a><br \/>\n\u00a0<a href=\"http:\/\/insmonturiol.cat\/wp-content\/uploads\/2015\/04\/19_Concurs_Cuines-del-m\u00f3n_Fotos_25-3-2015-2.jpg\"><br \/>\n<\/a><\/p>\n<p>&nbsp;<br \/>\nL\u2019activitat ha comptat amb la participaci\u00f3 dels 60 alumnes dels dos grups de 3r curs d\u2019ESO. S&#8217;han treballat 7 \u00e0rees geogr\u00e0fiques: Europa Occidental, Europa de l&#8217;Est, \u00c0frica, Am\u00e8rica de Nord i&hellip;  <a href=\"https:\/\/agora.xtec.cat\/iesnarcismonturiol\/general\/cuines-del-mon-3r-deso-presenta-el-seu-projecte-de-geografia\/\" title=\"Read Cuines del M\u00f3n. 3r d&#8217;ESO presenta el seu Projecte de Geografia.\">Llegeix m\u00e9s\u00bb<\/a><\/p>\n","protected":false},"author":5,"featured_media":4888,"comment_status":"closed","ping_status":"closed","sticky":false,"template":"","format":"standard","meta":{"_bbp_topic_count":0,"_bbp_reply_count":0,"_bbp_total_topic_count":0,"_bbp_total_reply_count":0,"_bbp_voice_count":0,"_bbp_anonymous_reply_count":0,"_bbp_topic_count_hidden":0,"_bbp_reply_count_hidden":0,"_bbp_forum_subforum_count":0,"footnotes":""},"categories":[123,1],"tags":[228],"class_list":["post-4887","post","type-post","status-publish","format-standard","has-post-thumbnail","hentry","category-ciencies-socials","category-general","tag-geografia"],"post_mailing_queue_ids":[],"_links":{"self":[{"href":"https:\/\/agora.xtec.cat\/iesnarcismonturiol\/wp-json\/wp\/v2\/posts\/4887","targetHints":{"allow":["GET"]}}],"collection":[{"href":"https:\/\/agora.xtec.cat\/iesnarcismonturiol\/wp-json\/wp\/v2\/posts"}],"about":[{"href":"https:\/\/agora.xtec.cat\/iesnarcismonturiol\/wp-json\/wp\/v2\/types\/post"}],"author":[{"embeddable":true,"href":"https:\/\/agora.xtec.cat\/iesnarcismonturiol\/wp-json\/wp\/v2\/users\/5"}],"replies":[{"embeddable":true,"href":"https:\/\/agora.xtec.cat\/iesnarcismonturiol\/wp-json\/wp\/v2\/comments?post=4887"}],"version-history":[{"count":0,"href":"https:\/\/agora.xtec.cat\/iesnarcismonturiol\/wp-json\/wp\/v2\/posts\/4887\/revisions"}],"wp:featuredmedia":[{"embeddable":true,"href":"https:\/\/agora.xtec.cat\/iesnarcismonturiol\/wp-json\/wp\/v2\/media\/4888"}],"wp:attachment":[{"href":"https:\/\/agora.xtec.cat\/iesnarcismonturiol\/wp-json\/wp\/v2\/media?parent=4887"}],"wp:term":[{"taxonomy":"category","embeddable":true,"href":"https:\/\/agora.xtec.cat\/iesnarcismonturiol\/wp-json\/wp\/v2\/categories?post=4887"},{"taxonomy":"post_tag","embeddable":true,"href":"https:\/\/agora.xtec.cat\/iesnarcismonturiol\/wp-json\/wp\/v2\/tags?post=4887"}],"curies":[{"name":"wp","href":"https:\/\/api.w.org\/{rel}","templated":true}]}}