{"id":4882,"date":"2015-03-26T15:09:21","date_gmt":"2015-03-26T15:09:21","guid":{"rendered":"http:\/\/insmonturiol.cat\/degustation-de-crepes-a-4t-deso"},"modified":"2015-03-26T15:09:21","modified_gmt":"2015-03-26T15:09:21","slug":"degustation-de-crepes-a-4t-deso","status":"publish","type":"post","link":"https:\/\/agora.xtec.cat\/iesnarcismonturiol\/general\/degustation-de-crepes-a-4t-deso\/","title":{"rendered":"D\u00e9gustation de Cr\u00eapes a 4t d&#8217;ESO"},"content":{"rendered":"<p><a href=\"http:\/\/insmonturiol.cat\/wp-content\/uploads\/2015\/04\/d82cff5dc4218490167b492617901476.jpg\"><img loading=\"lazy\" decoding=\"async\" class=\"aligncenter size-medium wp-image-4883\" src=\"http:\/\/insmonturiol.cat\/wp-content\/uploads\/2015\/04\/d82cff5dc4218490167b492617901476-300x169.jpg\" alt=\"crepes 4t d'eso\" width=\"300\" height=\"169\" srcset=\"https:\/\/agora.xtec.cat\/iesnarcismonturiol\/wp-content\/uploads\/usu2521\/2015\/04\/d82cff5dc4218490167b492617901476-300x169.jpg 300w, https:\/\/agora.xtec.cat\/iesnarcismonturiol\/wp-content\/uploads\/usu2521\/2015\/04\/d82cff5dc4218490167b492617901476-1024x576.jpg 1024w, https:\/\/agora.xtec.cat\/iesnarcismonturiol\/wp-content\/uploads\/usu2521\/2015\/04\/d82cff5dc4218490167b492617901476-768x432.jpg 768w, https:\/\/agora.xtec.cat\/iesnarcismonturiol\/wp-content\/uploads\/usu2521\/2015\/04\/d82cff5dc4218490167b492617901476.jpg 1280w\" sizes=\"auto, (max-width: 300px) 100vw, 300px\" \/><\/a><\/p>\n<p>Le dernier mercredi apr\u00e8s-midi du trimestre, les \u00e9l\u00e8ves de 4t d\u2019ESO de fran\u00e7ais ont organis\u00e9 une d\u00e9gustation de cr\u00eapes \u00e0 la cantine du lyc\u00e9e. Ils se sont distribu\u00e9 les t\u00e2ches\u00a0: qui porterait les serviettes, les verres, les petites cuill\u00e8res, la confiture, le sucre, le Nutella, les boissons (jus de fruits et Coca)\u2026 Chaque \u00e9l\u00e8ve a fait sa propre cr\u00eape et l\u2019a farcie \u00e0 son gr\u00e9 avant de la d\u00e9guster. F\u00e9licitations \u00e0 ceux qui sont arriv\u00e9s \u00e0 la faire sauter sans qu\u2019elle atterrisse par terre\u00a0!<\/p>\n<p>Voici la recette toute simple pour ceux qui voudraient en refaire \u00e0 la maison\u00a0:<\/p>\n<p>250g \u00a0de farine<\/p>\n<p>\u00bd l de lait<\/p>\n<p>3 \u0153ufs<\/p>\n<p>50 g de beurre<\/p>\n<p>1 pinc\u00e9e de sel<\/p>\n<p>Disposer la farine dans un saladier, ajouter le sel, les \u0153ufs battus, le beurre fondu et m\u00e9langer d\u00e9licatement avec un fouet. Ajouter le lait peu \u00e0 peu. Laisser reposer 1 heure environ.<\/p>\n<p>Huiler l\u00e9g\u00e8rement la po\u00eale avec un pinceau, verser un peu de p\u00e2te, r\u00e9partir uniform\u00e9ment sur la surface de la po\u00eale, attendre une petite minute ou \u00a0deux et retourner \u00e0 l\u2019aide d\u2019une spatule ou en faisant sauter la cr\u00eape.<\/p>\n<p>C\u2019est tout\u00a0! Ce n\u2019est pas difficile\u00a0! Bon app\u00e9tit\u00a0 et bon courage\u00a0!<\/p>\n<p>Cristina Menier, professora de Franc\u00e9s<\/p>\n","protected":false},"excerpt":{"rendered":"<p><a href=\"http:\/\/insmonturiol.cat\/wp-content\/uploads\/2015\/04\/d82cff5dc4218490167b492617901476.jpg\"><\/a><br \/>\nLe dernier mercredi apr\u00e8s-midi du trimestre, les \u00e9l\u00e8ves de 4t d\u2019ESO de fran\u00e7ais ont organis\u00e9 une d\u00e9gustation de cr\u00eapes \u00e0 la cantine du lyc\u00e9e. Ils se sont distribu\u00e9 les t\u00e2ches\u00a0: qui porterait les serviettes, les verres, les petites cuill\u00e8res, la confiture, le sucre, le&hellip;  <a href=\"https:\/\/agora.xtec.cat\/iesnarcismonturiol\/general\/degustation-de-crepes-a-4t-deso\/\" title=\"Read D\u00e9gustation de Cr\u00eapes a 4t d&#8217;ESO\">Llegeix m\u00e9s\u00bb<\/a><\/p>\n","protected":false},"author":5,"featured_media":4883,"comment_status":"closed","ping_status":"closed","sticky":false,"template":"","format":"standard","meta":{"_bbp_topic_count":0,"_bbp_reply_count":0,"_bbp_total_topic_count":0,"_bbp_total_reply_count":0,"_bbp_voice_count":0,"_bbp_anonymous_reply_count":0,"_bbp_topic_count_hidden":0,"_bbp_reply_count_hidden":0,"_bbp_forum_subforum_count":0,"footnotes":""},"categories":[1,130],"tags":[225],"class_list":["post-4882","post","type-post","status-publish","format-standard","has-post-thumbnail","hentry","category-general","category-llegues-estrangeres","tag-frances"],"post_mailing_queue_ids":[],"_links":{"self":[{"href":"https:\/\/agora.xtec.cat\/iesnarcismonturiol\/wp-json\/wp\/v2\/posts\/4882","targetHints":{"allow":["GET"]}}],"collection":[{"href":"https:\/\/agora.xtec.cat\/iesnarcismonturiol\/wp-json\/wp\/v2\/posts"}],"about":[{"href":"https:\/\/agora.xtec.cat\/iesnarcismonturiol\/wp-json\/wp\/v2\/types\/post"}],"author":[{"embeddable":true,"href":"https:\/\/agora.xtec.cat\/iesnarcismonturiol\/wp-json\/wp\/v2\/users\/5"}],"replies":[{"embeddable":true,"href":"https:\/\/agora.xtec.cat\/iesnarcismonturiol\/wp-json\/wp\/v2\/comments?post=4882"}],"version-history":[{"count":0,"href":"https:\/\/agora.xtec.cat\/iesnarcismonturiol\/wp-json\/wp\/v2\/posts\/4882\/revisions"}],"wp:featuredmedia":[{"embeddable":true,"href":"https:\/\/agora.xtec.cat\/iesnarcismonturiol\/wp-json\/wp\/v2\/media\/4883"}],"wp:attachment":[{"href":"https:\/\/agora.xtec.cat\/iesnarcismonturiol\/wp-json\/wp\/v2\/media?parent=4882"}],"wp:term":[{"taxonomy":"category","embeddable":true,"href":"https:\/\/agora.xtec.cat\/iesnarcismonturiol\/wp-json\/wp\/v2\/categories?post=4882"},{"taxonomy":"post_tag","embeddable":true,"href":"https:\/\/agora.xtec.cat\/iesnarcismonturiol\/wp-json\/wp\/v2\/tags?post=4882"}],"curies":[{"name":"wp","href":"https:\/\/api.w.org\/{rel}","templated":true}]}}