{"id":4818,"date":"2015-03-18T08:27:23","date_gmt":"2015-03-18T08:27:23","guid":{"rendered":"http:\/\/insmonturiol.cat\/3r-i-4t-deso-amb-ignacio-martinez-de-pison"},"modified":"2015-03-18T08:27:23","modified_gmt":"2015-03-18T08:27:23","slug":"3r-i-4t-deso-amb-ignacio-martinez-de-pison","status":"publish","type":"post","link":"https:\/\/agora.xtec.cat\/iesnarcismonturiol\/general\/3r-i-4t-deso-amb-ignacio-martinez-de-pison\/","title":{"rendered":"3r i 4t d&#8217;ESO amb Ignacio Mart\u00ednez de Pis\u00f3n"},"content":{"rendered":"<p><a href=\"http:\/\/insmonturiol.cat\/wp-content\/uploads\/2015\/03\/IMG_1499.jpg\"><img loading=\"lazy\" decoding=\"async\" class=\"aligncenter size-medium wp-image-4821\" src=\"http:\/\/insmonturiol.cat\/wp-content\/uploads\/2015\/03\/IMG_1499-300x225.jpg\" alt=\"ignacio martinez de pison\" width=\"300\" height=\"225\" srcset=\"https:\/\/agora.xtec.cat\/iesnarcismonturiol\/wp-content\/uploads\/usu2521\/2015\/03\/IMG_1499-300x225.jpg 300w, https:\/\/agora.xtec.cat\/iesnarcismonturiol\/wp-content\/uploads\/usu2521\/2015\/03\/IMG_1499-1024x768.jpg 1024w, https:\/\/agora.xtec.cat\/iesnarcismonturiol\/wp-content\/uploads\/usu2521\/2015\/03\/IMG_1499-768x576.jpg 768w, https:\/\/agora.xtec.cat\/iesnarcismonturiol\/wp-content\/uploads\/usu2521\/2015\/03\/IMG_1499-1536x1152.jpg 1536w, https:\/\/agora.xtec.cat\/iesnarcismonturiol\/wp-content\/uploads\/usu2521\/2015\/03\/IMG_1499-2048x1536.jpg 2048w, https:\/\/agora.xtec.cat\/iesnarcismonturiol\/wp-content\/uploads\/usu2521\/2015\/03\/IMG_1499-200x150.jpg 200w\" sizes=\"auto, (max-width: 300px) 100vw, 300px\" \/><\/a><\/p>\n<p>Ahir 17 de Mar\u00e7, v\u00e0rem tenir la visita a l\u2019Institut de l\u2019<span class=\"hiddenSpellError\">Ignacio<\/span> Mart\u00ednez de <span class=\"hiddenSpellError\">Pis\u00f3n<\/span>, un dels noms m\u00e9s interessants del panorama de la literatura castellana actual, autor d\u2019una vintena de novel\u00b7les i llibres de contes, aix\u00ed com d\u2019alguns guions, guardonat amb nombrosos premis literaris i que est\u00e0 assolint, a les seves \u00faltimes obres, al parer de la cr\u00edtica, la seva maduresa creativa.<\/p>\n<p>Fa forces anys que el nostre alumnat de 3r d&#8217;ESO llegeix <span class=\"hiddenSpellError\">Carreteras<\/span> <span class=\"hiddenSpellError\">Secundarias<\/span>, una obra de 1995, portada al cine, amb gui\u00f3 del mateix autor el 1996. V\u00e0rem tenir el plaer i el privilegi que l\u2019<span class=\"hiddenGrammarError\">autor passes<\/span> una estona entre nosaltres per parlar del llibre i de la pel\u00b7l\u00edcula, aix\u00ed com del fet d\u2019escriure i de ser escriptor; de la relaci\u00f3 entre el cinema i la literatura i de moltes altres coses.<\/p>\n<p>Crec que va ser interessant per l\u2019alumnat de 3r, que ha llegit el llibre, com tamb\u00e9 pels alumnes de 4t<span class=\"hiddenGrammarError\"> ,<\/span>de Cinema en curs, que van poder parlar amb l\u2019autor de moltes coses respecte al gui\u00f3 i altres conceptes relacionats amb el cinema.<\/p>\n<p><span class=\"hiddenSpellError\">Ignacio<\/span>, t\u2019agra\u00efm les teves paraules, que ens v\u00e0rem permetre con\u00e8ixer d\u2019<span class=\"hiddenGreenError\">aprop<\/span> un escriptor, aix\u00ed com el teu tarann\u00e0 sempre proper.<\/p>\n<p>Neus <span class=\"hiddenSpellError\">Serchs<\/span>, professora de Llengua i Literatura castellana<\/p>\n","protected":false},"excerpt":{"rendered":"<p><a href=\"http:\/\/insmonturiol.cat\/wp-content\/uploads\/2015\/03\/IMG_1499.jpg\"><\/a><br \/>\nAhir 17 de Mar\u00e7, v\u00e0rem tenir la visita a l\u2019Institut de l\u2019Ignacio Mart\u00ednez de Pis\u00f3n, un dels noms m\u00e9s interessants del panorama de la literatura castellana actual, autor d\u2019una vintena de novel\u00b7les i llibres de contes, aix\u00ed com d\u2019alguns guions, guardonat amb nombrosos premis&hellip;  <a href=\"https:\/\/agora.xtec.cat\/iesnarcismonturiol\/general\/3r-i-4t-deso-amb-ignacio-martinez-de-pison\/\" title=\"Read 3r i 4t d&#8217;ESO amb Ignacio Mart\u00ednez de Pis\u00f3n\">Llegeix m\u00e9s\u00bb<\/a><\/p>\n","protected":false},"author":5,"featured_media":4819,"comment_status":"closed","ping_status":"closed","sticky":false,"template":"","format":"standard","meta":{"_bbp_topic_count":0,"_bbp_reply_count":0,"_bbp_total_topic_count":0,"_bbp_total_reply_count":0,"_bbp_voice_count":0,"_bbp_anonymous_reply_count":0,"_bbp_topic_count_hidden":0,"_bbp_reply_count_hidden":0,"_bbp_forum_subforum_count":0,"footnotes":""},"categories":[120,1],"tags":[245],"class_list":["post-4818","post","type-post","status-publish","format-standard","has-post-thumbnail","hentry","category-castella","category-general","tag-literatura"],"post_mailing_queue_ids":[],"_links":{"self":[{"href":"https:\/\/agora.xtec.cat\/iesnarcismonturiol\/wp-json\/wp\/v2\/posts\/4818","targetHints":{"allow":["GET"]}}],"collection":[{"href":"https:\/\/agora.xtec.cat\/iesnarcismonturiol\/wp-json\/wp\/v2\/posts"}],"about":[{"href":"https:\/\/agora.xtec.cat\/iesnarcismonturiol\/wp-json\/wp\/v2\/types\/post"}],"author":[{"embeddable":true,"href":"https:\/\/agora.xtec.cat\/iesnarcismonturiol\/wp-json\/wp\/v2\/users\/5"}],"replies":[{"embeddable":true,"href":"https:\/\/agora.xtec.cat\/iesnarcismonturiol\/wp-json\/wp\/v2\/comments?post=4818"}],"version-history":[{"count":0,"href":"https:\/\/agora.xtec.cat\/iesnarcismonturiol\/wp-json\/wp\/v2\/posts\/4818\/revisions"}],"wp:featuredmedia":[{"embeddable":true,"href":"https:\/\/agora.xtec.cat\/iesnarcismonturiol\/wp-json\/wp\/v2\/media\/4819"}],"wp:attachment":[{"href":"https:\/\/agora.xtec.cat\/iesnarcismonturiol\/wp-json\/wp\/v2\/media?parent=4818"}],"wp:term":[{"taxonomy":"category","embeddable":true,"href":"https:\/\/agora.xtec.cat\/iesnarcismonturiol\/wp-json\/wp\/v2\/categories?post=4818"},{"taxonomy":"post_tag","embeddable":true,"href":"https:\/\/agora.xtec.cat\/iesnarcismonturiol\/wp-json\/wp\/v2\/tags?post=4818"}],"curies":[{"name":"wp","href":"https:\/\/api.w.org\/{rel}","templated":true}]}}