{"id":4753,"date":"2015-03-03T15:45:15","date_gmt":"2015-03-03T15:45:15","guid":{"rendered":"http:\/\/insmonturiol.cat\/linstitut-a-la-presentacio-de-la-global-stem-alliance"},"modified":"2015-03-03T15:45:15","modified_gmt":"2015-03-03T15:45:15","slug":"linstitut-a-la-presentacio-de-la-global-stem-alliance","status":"publish","type":"post","link":"https:\/\/agora.xtec.cat\/iesnarcismonturiol\/general\/linstitut-a-la-presentacio-de-la-global-stem-alliance\/","title":{"rendered":"l&#8217;Institut a la presentaci\u00f3 de la Global Stem Alliance"},"content":{"rendered":"<p><a href=\"http:\/\/insmonturiol.cat\/wp-content\/uploads\/2015\/03\/IMG_1332.jpg\"><img loading=\"lazy\" decoding=\"async\" class=\"aligncenter size-medium wp-image-4754\" src=\"http:\/\/insmonturiol.cat\/wp-content\/uploads\/2015\/03\/IMG_1332-300x225.jpg\" alt=\"global stem alliance 1\" width=\"300\" height=\"225\" srcset=\"https:\/\/agora.xtec.cat\/iesnarcismonturiol\/wp-content\/uploads\/usu2521\/2015\/03\/IMG_1332-300x225.jpg 300w, https:\/\/agora.xtec.cat\/iesnarcismonturiol\/wp-content\/uploads\/usu2521\/2015\/03\/IMG_1332-1024x768.jpg 1024w, https:\/\/agora.xtec.cat\/iesnarcismonturiol\/wp-content\/uploads\/usu2521\/2015\/03\/IMG_1332-768x576.jpg 768w, https:\/\/agora.xtec.cat\/iesnarcismonturiol\/wp-content\/uploads\/usu2521\/2015\/03\/IMG_1332-1536x1152.jpg 1536w, https:\/\/agora.xtec.cat\/iesnarcismonturiol\/wp-content\/uploads\/usu2521\/2015\/03\/IMG_1332-2048x1536.jpg 2048w, https:\/\/agora.xtec.cat\/iesnarcismonturiol\/wp-content\/uploads\/usu2521\/2015\/03\/IMG_1332-200x150.jpg 200w\" sizes=\"auto, (max-width: 300px) 100vw, 300px\" \/><\/a><\/p>\n<p>Aquest mat\u00ed hem assistit a la presentaci\u00f3 de la Global Stem Alliance al recinte modernista de l&#8217;Hospital de Sant Pau. En la sessi\u00f3 el tinent d&#8217;alcalde d&#8217;H\u00e0bitat Urb\u00e0, Anbtoni Vives ha explicat la participaci\u00f3 que es fa des de la ciutat de Barcelona en aquesta xarxa global de coneixement. El President de la New York Academy of Sciences Ellis Rubinstein i el President de Sony Computer Sciences Laboratories, Hiroaki Kitano ens han parlat de l&#8217;objectiu del programa: la preparaci\u00f3 dels joves davant els reptes de futur pel que fa als aprenentatges de les ci\u00e8ncies i de les TIC.<\/p>\n<p>La nostra ciutat forma part d&#8217;aquesta alian\u00e7a que te entre d&#8217;altres projectes el programa STEM que es desenvolupa a l&#8217;institut. El president de Sony tamb\u00e9 ens ha presentat el projecte\u00a0on-line per a l\u2019aprenentatge en matem\u00e0tiques, la <a title=\"Global Math Challenge\" href=\"https:\/\/www.global-math.com\/\" target=\"_blank\" rel=\"noopener\">Global\u00a0Math Challenge<\/a>, una experi\u00e8ncia a nivell mundial pels amants de les matem\u00e0tiques.<\/p>\n<p>&nbsp;<\/p>\n","protected":false},"excerpt":{"rendered":"<p><a href=\"http:\/\/insmonturiol.cat\/wp-content\/uploads\/2015\/03\/IMG_1332.jpg\"><\/a><br \/>\nAquest mat\u00ed hem assistit a la presentaci\u00f3 de la Global Stem Alliance al recinte modernista de l&#8217;Hospital de Sant Pau. En la sessi\u00f3 el tinent d&#8217;alcalde d&#8217;H\u00e0bitat Urb\u00e0, Anbtoni Vives ha explicat la participaci\u00f3 que es fa des de la ciutat de Barcelona en&hellip;  <a href=\"https:\/\/agora.xtec.cat\/iesnarcismonturiol\/general\/linstitut-a-la-presentacio-de-la-global-stem-alliance\/\" title=\"Read l&#8217;Institut a la presentaci\u00f3 de la Global Stem Alliance\">Llegeix m\u00e9s\u00bb<\/a><\/p>\n","protected":false},"author":5,"featured_media":4755,"comment_status":"closed","ping_status":"closed","sticky":false,"template":"","format":"standard","meta":{"_bbp_topic_count":0,"_bbp_reply_count":0,"_bbp_total_topic_count":0,"_bbp_total_reply_count":0,"_bbp_voice_count":0,"_bbp_anonymous_reply_count":0,"_bbp_topic_count_hidden":0,"_bbp_reply_count_hidden":0,"_bbp_forum_subforum_count":0,"footnotes":""},"categories":[122,1,131,135],"tags":[305],"class_list":["post-4753","post","type-post","status-publish","format-standard","has-post-thumbnail","hentry","category-ciencies-naturals","category-general","category-matematiques-economia","category-tecnologia","tag-steam"],"post_mailing_queue_ids":[],"_links":{"self":[{"href":"https:\/\/agora.xtec.cat\/iesnarcismonturiol\/wp-json\/wp\/v2\/posts\/4753","targetHints":{"allow":["GET"]}}],"collection":[{"href":"https:\/\/agora.xtec.cat\/iesnarcismonturiol\/wp-json\/wp\/v2\/posts"}],"about":[{"href":"https:\/\/agora.xtec.cat\/iesnarcismonturiol\/wp-json\/wp\/v2\/types\/post"}],"author":[{"embeddable":true,"href":"https:\/\/agora.xtec.cat\/iesnarcismonturiol\/wp-json\/wp\/v2\/users\/5"}],"replies":[{"embeddable":true,"href":"https:\/\/agora.xtec.cat\/iesnarcismonturiol\/wp-json\/wp\/v2\/comments?post=4753"}],"version-history":[{"count":0,"href":"https:\/\/agora.xtec.cat\/iesnarcismonturiol\/wp-json\/wp\/v2\/posts\/4753\/revisions"}],"wp:featuredmedia":[{"embeddable":true,"href":"https:\/\/agora.xtec.cat\/iesnarcismonturiol\/wp-json\/wp\/v2\/media\/4755"}],"wp:attachment":[{"href":"https:\/\/agora.xtec.cat\/iesnarcismonturiol\/wp-json\/wp\/v2\/media?parent=4753"}],"wp:term":[{"taxonomy":"category","embeddable":true,"href":"https:\/\/agora.xtec.cat\/iesnarcismonturiol\/wp-json\/wp\/v2\/categories?post=4753"},{"taxonomy":"post_tag","embeddable":true,"href":"https:\/\/agora.xtec.cat\/iesnarcismonturiol\/wp-json\/wp\/v2\/tags?post=4753"}],"curies":[{"name":"wp","href":"https:\/\/api.w.org\/{rel}","templated":true}]}}