{"id":4659,"date":"2015-01-16T09:24:18","date_gmt":"2015-01-16T09:24:18","guid":{"rendered":"http:\/\/insmonturiol.cat\/somnis-de-music-1r-deso-a-lauditori"},"modified":"2015-01-16T09:24:18","modified_gmt":"2015-01-16T09:24:18","slug":"somnis-de-music-1r-deso-a-lauditori","status":"publish","type":"post","link":"https:\/\/agora.xtec.cat\/iesnarcismonturiol\/general\/somnis-de-music-1r-deso-a-lauditori\/","title":{"rendered":"Somnis de m\u00fasic, 1r d&#8217;ESO a l&#8217;Auditori"},"content":{"rendered":"<p><span style=\"color: #222222; font-family: 'Arial','sans-serif'; font-size: 12pt;\">El passat dimecres 14 de gener, l\u2019alumnat de 1r d\u2019ESO va assistir al concert \u201c<b>Somnis de m\u00fasic\u201d<\/b>a\u00a0l\u2019Auditori de Barcelona<b>.<\/b>Una jove orquestra i un cor de cantaires d&#8217;entre 12 i 18 anys, amb 150 m\u00fasics sobre l&#8217;escenari, anava coregrafiant\u00a0diferents moviments de l&#8217;obra &#8220;Somnis d&#8217;una nit d&#8217;estiu&#8221; de\u00a0Felix\u00a0Mendelsshon. L&#8217;objectiu d&#8217;aquest moviment esc\u00e8nic \u00e9s multiplicar la comunicaci\u00f3 amb el p\u00fablic. En un\u00a0moment\u00a0del concert, els joves m\u00fasics han explicat quins s\u00f3n els seus somnis de futur relacionats amb la m\u00fasica. L\u2019alumnat de 1r ha pogut \u00a0recon\u00e8ixer els diferents instruments estudiats durant el primer trimestre i gaudir-ne de la m\u00fasica i la coreografia.<\/span><\/p>\n<p>Isabel Ribera, professora de M\u00fasica<\/p>\n","protected":false},"excerpt":{"rendered":"<p>El passat dimecres 14 de gener, l\u2019alumnat de 1r d\u2019ESO va assistir al concert \u201cSomnis de m\u00fasic\u201da\u00a0l\u2019Auditori de Barcelona.Una jove orquestra i un cor de cantaires d&#8217;entre 12 i 18 anys, amb 150 m\u00fasics sobre l&#8217;escenari, anava coregrafiant\u00a0diferents moviments de l&#8217;obra &#8220;Somnis d&#8217;una nit d&#8217;estiu&#8221;&hellip;  <a href=\"https:\/\/agora.xtec.cat\/iesnarcismonturiol\/general\/somnis-de-music-1r-deso-a-lauditori\/\" title=\"Read Somnis de m\u00fasic, 1r d&#8217;ESO a l&#8217;Auditori\">Llegeix m\u00e9s\u00bb<\/a><\/p>\n","protected":false},"author":5,"featured_media":4660,"comment_status":"closed","ping_status":"closed","sticky":false,"template":"","format":"standard","meta":{"_bbp_topic_count":0,"_bbp_reply_count":0,"_bbp_total_topic_count":0,"_bbp_total_reply_count":0,"_bbp_voice_count":0,"_bbp_anonymous_reply_count":0,"_bbp_topic_count_hidden":0,"_bbp_reply_count_hidden":0,"_bbp_forum_subforum_count":0,"footnotes":""},"categories":[128,1],"tags":[263],"class_list":["post-4659","post","type-post","status-publish","format-standard","has-post-thumbnail","hentry","category-expressio","category-general","tag-musica"],"post_mailing_queue_ids":[],"_links":{"self":[{"href":"https:\/\/agora.xtec.cat\/iesnarcismonturiol\/wp-json\/wp\/v2\/posts\/4659","targetHints":{"allow":["GET"]}}],"collection":[{"href":"https:\/\/agora.xtec.cat\/iesnarcismonturiol\/wp-json\/wp\/v2\/posts"}],"about":[{"href":"https:\/\/agora.xtec.cat\/iesnarcismonturiol\/wp-json\/wp\/v2\/types\/post"}],"author":[{"embeddable":true,"href":"https:\/\/agora.xtec.cat\/iesnarcismonturiol\/wp-json\/wp\/v2\/users\/5"}],"replies":[{"embeddable":true,"href":"https:\/\/agora.xtec.cat\/iesnarcismonturiol\/wp-json\/wp\/v2\/comments?post=4659"}],"version-history":[{"count":0,"href":"https:\/\/agora.xtec.cat\/iesnarcismonturiol\/wp-json\/wp\/v2\/posts\/4659\/revisions"}],"wp:featuredmedia":[{"embeddable":true,"href":"https:\/\/agora.xtec.cat\/iesnarcismonturiol\/wp-json\/wp\/v2\/media\/4660"}],"wp:attachment":[{"href":"https:\/\/agora.xtec.cat\/iesnarcismonturiol\/wp-json\/wp\/v2\/media?parent=4659"}],"wp:term":[{"taxonomy":"category","embeddable":true,"href":"https:\/\/agora.xtec.cat\/iesnarcismonturiol\/wp-json\/wp\/v2\/categories?post=4659"},{"taxonomy":"post_tag","embeddable":true,"href":"https:\/\/agora.xtec.cat\/iesnarcismonturiol\/wp-json\/wp\/v2\/tags?post=4659"}],"curies":[{"name":"wp","href":"https:\/\/api.w.org\/{rel}","templated":true}]}}