{"id":4640,"date":"2015-02-18T18:17:59","date_gmt":"2015-02-18T18:17:59","guid":{"rendered":"http:\/\/insmonturiol.cat\/4t-deso-orientacio-acabes-leso-ja-saps-que-faras"},"modified":"2015-02-18T18:17:59","modified_gmt":"2015-02-18T18:17:59","slug":"4t-deso-orientacio-acabes-leso-ja-saps-que-faras","status":"publish","type":"post","link":"https:\/\/agora.xtec.cat\/iesnarcismonturiol\/general\/4t-deso-orientacio-acabes-leso-ja-saps-que-faras\/","title":{"rendered":"4t d&#8217;ESO Orientaci\u00f3: Acabes l&#8217;ESO, ja saps qu\u00e8 far\u00e0s?"},"content":{"rendered":"<p>L&#8217;alumnat de 4t hem assistit a la sessi\u00f3 d&#8217;Orientaci\u00f3 &#8220;ACABES L&#8217;ESO, JA SAPS QU\u00c8 FAR\u00c0S? on dos orientadors ens han explicat quines s\u00f3n les diferents opcions despr\u00e9s dels estudis d&#8217;Educaci\u00f3 Secund\u00e0ria Obligat\u00f2ria: els\u00a0Cicles Formatius de Grau Mig o aprenentatges per exercir una professi\u00f3 amb un ampli ventall de Fam\u00edlies Professionals; i\u00a0les diferents modalitats de Batxillerat que permeten accedir a la Formaci\u00f3 Professional de Grau Superior i a la Universitat.<\/p>\n<p>Carles Bar\u00f3, alumne de 4t d&#8217;ESO<\/p>\n<p><a href=\"http:\/\/insmonturiol.cat\/wp-content\/uploads\/2015\/03\/acabes-leso-ja-saps-que-faras.jpg\"><img loading=\"lazy\" decoding=\"async\" class=\"aligncenter size-medium wp-image-4733\" src=\"http:\/\/insmonturiol.cat\/wp-content\/uploads\/2015\/03\/acabes-leso-ja-saps-que-faras-225x300.jpg\" alt=\"acabes leso ja saps que faras\" width=\"225\" height=\"300\" srcset=\"https:\/\/agora.xtec.cat\/iesnarcismonturiol\/wp-content\/uploads\/usu2521\/2015\/03\/acabes-leso-ja-saps-que-faras-225x300.jpg 225w, https:\/\/agora.xtec.cat\/iesnarcismonturiol\/wp-content\/uploads\/usu2521\/2015\/03\/acabes-leso-ja-saps-que-faras-768x1024.jpg 768w, https:\/\/agora.xtec.cat\/iesnarcismonturiol\/wp-content\/uploads\/usu2521\/2015\/03\/acabes-leso-ja-saps-que-faras-1152x1536.jpg 1152w, https:\/\/agora.xtec.cat\/iesnarcismonturiol\/wp-content\/uploads\/usu2521\/2015\/03\/acabes-leso-ja-saps-que-faras-1536x2048.jpg 1536w, https:\/\/agora.xtec.cat\/iesnarcismonturiol\/wp-content\/uploads\/usu2521\/2015\/03\/acabes-leso-ja-saps-que-faras-scaled.jpg 1920w\" sizes=\"auto, (max-width: 225px) 100vw, 225px\" \/><\/a><\/p>\n<p>Els dies \u00a017 i 19 de febrer el nostres alumnes de quart de la ESO van assistir a les xerrades orientatives al punt7. La informaci\u00f3 donada va ser molt acurada, actualitzada i de gran utilitat. Despr\u00e9s, els alumnes van fer preguntes individuals, com, per exemple, diferents maneres per accedir a un mateix tipus d&#8217;estudi, les assignatures que m\u00e9s ponderaven a les carreres que desitjaven realitzar, els cursos que s&#8217;impartien per poder aprovar l&#8217;ESO o la prova d&#8217;acc\u00e9s a cicle superior, etc. Igualment, el dia 23 de febrer es va convidar als pares que \u00a0hi volguessin anar, a les 19 hores. El centre est\u00e0 obert per a tothom que vulgui informar-se i aclarir qualsevol dubte, per aix\u00f2 recordem la seva adre\u00e7a i tel\u00e8fon: <b>c\/Horta, 71, telf. 93-420-25-95, <a href=\"mailto:punt7@punt7.org\" target=\"_blank\" rel=\"noopener\"><span style=\"color: #1155cc;\">punt7@punt7.org<\/span><\/a>.<\/b>\u00a0Agra\u00efm als monitors i al centre el ajudar-nos a guiar els nostres alumnes a escollir el seu cam\u00ed vocacional i professional.<\/p>\n<p>Olga D\u00edaz Colino, tutoria de 4t d&#8217;ESO<\/p>\n","protected":false},"excerpt":{"rendered":"<p>L&#8217;alumnat de 4t hem assistit a la sessi\u00f3 d&#8217;Orientaci\u00f3 &#8220;ACABES L&#8217;ESO, JA SAPS QU\u00c8 FAR\u00c0S? on dos orientadors ens han explicat quines s\u00f3n les diferents opcions despr\u00e9s dels estudis d&#8217;Educaci\u00f3 Secund\u00e0ria Obligat\u00f2ria: els\u00a0Cicles Formatius de Grau Mig o aprenentatges per exercir una professi\u00f3 amb un&hellip;  <a href=\"https:\/\/agora.xtec.cat\/iesnarcismonturiol\/general\/4t-deso-orientacio-acabes-leso-ja-saps-que-faras\/\" title=\"Read 4t d&#8217;ESO Orientaci\u00f3: Acabes l&#8217;ESO, ja saps qu\u00e8 far\u00e0s?\">Llegeix m\u00e9s\u00bb<\/a><\/p>\n","protected":false},"author":5,"featured_media":4733,"comment_status":"open","ping_status":"open","sticky":false,"template":"","format":"standard","meta":{"_bbp_topic_count":0,"_bbp_reply_count":0,"_bbp_total_topic_count":0,"_bbp_total_reply_count":0,"_bbp_voice_count":0,"_bbp_anonymous_reply_count":0,"_bbp_topic_count_hidden":0,"_bbp_reply_count_hidden":0,"_bbp_forum_subforum_count":0,"footnotes":""},"categories":[1],"tags":[273],"class_list":["post-4640","post","type-post","status-publish","format-standard","has-post-thumbnail","hentry","category-general","tag-orientacio"],"post_mailing_queue_ids":[],"_links":{"self":[{"href":"https:\/\/agora.xtec.cat\/iesnarcismonturiol\/wp-json\/wp\/v2\/posts\/4640","targetHints":{"allow":["GET"]}}],"collection":[{"href":"https:\/\/agora.xtec.cat\/iesnarcismonturiol\/wp-json\/wp\/v2\/posts"}],"about":[{"href":"https:\/\/agora.xtec.cat\/iesnarcismonturiol\/wp-json\/wp\/v2\/types\/post"}],"author":[{"embeddable":true,"href":"https:\/\/agora.xtec.cat\/iesnarcismonturiol\/wp-json\/wp\/v2\/users\/5"}],"replies":[{"embeddable":true,"href":"https:\/\/agora.xtec.cat\/iesnarcismonturiol\/wp-json\/wp\/v2\/comments?post=4640"}],"version-history":[{"count":0,"href":"https:\/\/agora.xtec.cat\/iesnarcismonturiol\/wp-json\/wp\/v2\/posts\/4640\/revisions"}],"wp:featuredmedia":[{"embeddable":true,"href":"https:\/\/agora.xtec.cat\/iesnarcismonturiol\/wp-json\/wp\/v2\/media\/4733"}],"wp:attachment":[{"href":"https:\/\/agora.xtec.cat\/iesnarcismonturiol\/wp-json\/wp\/v2\/media?parent=4640"}],"wp:term":[{"taxonomy":"category","embeddable":true,"href":"https:\/\/agora.xtec.cat\/iesnarcismonturiol\/wp-json\/wp\/v2\/categories?post=4640"},{"taxonomy":"post_tag","embeddable":true,"href":"https:\/\/agora.xtec.cat\/iesnarcismonturiol\/wp-json\/wp\/v2\/tags?post=4640"}],"curies":[{"name":"wp","href":"https:\/\/api.w.org\/{rel}","templated":true}]}}