{"id":4598,"date":"2015-02-02T16:37:56","date_gmt":"2015-02-02T16:37:56","guid":{"rendered":"http:\/\/insmonturiol.cat\/port-del-comte-esqui-monturiol"},"modified":"2015-02-02T16:37:56","modified_gmt":"2015-02-02T16:37:56","slug":"port-del-comte-esqui-monturiol","status":"publish","type":"post","link":"https:\/\/agora.xtec.cat\/iesnarcismonturiol\/expressio\/port-del-comte-esqui-monturiol\/","title":{"rendered":"Port del Comte: Esqu\u00ed-Monturiol"},"content":{"rendered":"<p><a href=\"http:\/\/insmonturiol.cat\/wp-content\/uploads\/2015\/02\/IMG_0964.jpg\"><img loading=\"lazy\" decoding=\"async\" class=\"aligncenter size-medium wp-image-4599\" src=\"http:\/\/insmonturiol.cat\/wp-content\/uploads\/2015\/02\/IMG_0964-300x169.jpg\" alt=\"2014 sortida d'esqui\" width=\"300\" height=\"169\" srcset=\"https:\/\/agora.xtec.cat\/iesnarcismonturiol\/wp-content\/uploads\/usu2521\/2015\/02\/IMG_0964-300x169.jpg 300w, https:\/\/agora.xtec.cat\/iesnarcismonturiol\/wp-content\/uploads\/usu2521\/2015\/02\/IMG_0964-1024x576.jpg 1024w, https:\/\/agora.xtec.cat\/iesnarcismonturiol\/wp-content\/uploads\/usu2521\/2015\/02\/IMG_0964-768x432.jpg 768w, https:\/\/agora.xtec.cat\/iesnarcismonturiol\/wp-content\/uploads\/usu2521\/2015\/02\/IMG_0964.jpg 1280w\" sizes=\"auto, (max-width: 300px) 100vw, 300px\" \/><\/a><\/p>\n<p>Han estat tres dies de molta activitat!!! 2n d&#8217;ESO que per primera vegada pujava els tres dies, 3r d&#8217;ESO i batxillerat que esperaven l&#8217;esqu\u00ed amb moltes ganes&#8230; Les pistes estaven perfectes, feia temps que no teniem tanta neu, tardes de jocs, converses i estar amb els amics a l&#8217;alberg, banys a la piscina&#8230; \u00a0 El mal temps anunciat va arribar i divendres les condicions per a l&#8217;esqu\u00ed eren molt complicades, vam aprofitar el temps com vam poder.<\/p>\n<p>Els de 1r d&#8217;ESO no vam poder pujar, les condicions meteorol\u00f2giques i els monitors van desaconsellar totalment l&#8217;activitat, per\u00f2 no patiu 1r d&#8217;ESO!!! dijous dia 19 tindreu l&#8217;estaci\u00f3 tota per a vosaltres.<\/p>\n<p>Bona esquiada.<\/p>\n<p>&nbsp;<\/p>\n","protected":false},"excerpt":{"rendered":"<p><a href=\"http:\/\/insmonturiol.cat\/wp-content\/uploads\/2015\/02\/IMG_0964.jpg\"><\/a><br \/>\nHan estat tres dies de molta activitat!!! 2n d&#8217;ESO que per primera vegada pujava els tres dies, 3r d&#8217;ESO i batxillerat que esperaven l&#8217;esqu\u00ed amb moltes ganes&#8230; Les pistes estaven perfectes, feia temps que no teniem tanta neu, tardes de jocs, converses i estar&hellip;  <a href=\"https:\/\/agora.xtec.cat\/iesnarcismonturiol\/expressio\/port-del-comte-esqui-monturiol\/\" title=\"Read Port del Comte: Esqu\u00ed-Monturiol\">Llegeix m\u00e9s\u00bb<\/a><\/p>\n","protected":false},"author":5,"featured_media":4600,"comment_status":"closed","ping_status":"closed","sticky":false,"template":"","format":"standard","meta":{"_bbp_topic_count":0,"_bbp_reply_count":0,"_bbp_total_topic_count":0,"_bbp_total_reply_count":0,"_bbp_voice_count":0,"_bbp_anonymous_reply_count":0,"_bbp_topic_count_hidden":0,"_bbp_reply_count_hidden":0,"_bbp_forum_subforum_count":0,"footnotes":""},"categories":[128],"tags":[214,215],"class_list":["post-4598","post","type-post","status-publish","format-standard","has-post-thumbnail","hentry","category-expressio","tag-esports","tag-esqui"],"post_mailing_queue_ids":[],"_links":{"self":[{"href":"https:\/\/agora.xtec.cat\/iesnarcismonturiol\/wp-json\/wp\/v2\/posts\/4598","targetHints":{"allow":["GET"]}}],"collection":[{"href":"https:\/\/agora.xtec.cat\/iesnarcismonturiol\/wp-json\/wp\/v2\/posts"}],"about":[{"href":"https:\/\/agora.xtec.cat\/iesnarcismonturiol\/wp-json\/wp\/v2\/types\/post"}],"author":[{"embeddable":true,"href":"https:\/\/agora.xtec.cat\/iesnarcismonturiol\/wp-json\/wp\/v2\/users\/5"}],"replies":[{"embeddable":true,"href":"https:\/\/agora.xtec.cat\/iesnarcismonturiol\/wp-json\/wp\/v2\/comments?post=4598"}],"version-history":[{"count":0,"href":"https:\/\/agora.xtec.cat\/iesnarcismonturiol\/wp-json\/wp\/v2\/posts\/4598\/revisions"}],"wp:featuredmedia":[{"embeddable":true,"href":"https:\/\/agora.xtec.cat\/iesnarcismonturiol\/wp-json\/wp\/v2\/media\/4600"}],"wp:attachment":[{"href":"https:\/\/agora.xtec.cat\/iesnarcismonturiol\/wp-json\/wp\/v2\/media?parent=4598"}],"wp:term":[{"taxonomy":"category","embeddable":true,"href":"https:\/\/agora.xtec.cat\/iesnarcismonturiol\/wp-json\/wp\/v2\/categories?post=4598"},{"taxonomy":"post_tag","embeddable":true,"href":"https:\/\/agora.xtec.cat\/iesnarcismonturiol\/wp-json\/wp\/v2\/tags?post=4598"}],"curies":[{"name":"wp","href":"https:\/\/api.w.org\/{rel}","templated":true}]}}