{"id":4533,"date":"2015-01-29T09:57:03","date_gmt":"2015-01-29T09:57:03","guid":{"rendered":"http:\/\/insmonturiol.cat\/el-cafe-de-la-granota-2n-de-batxillerat-al-sat"},"modified":"2015-01-29T09:57:03","modified_gmt":"2015-01-29T09:57:03","slug":"el-cafe-de-la-granota-2n-de-batxillerat-al-sat-2","status":"publish","type":"post","link":"https:\/\/agora.xtec.cat\/iesnarcismonturiol\/general\/el-cafe-de-la-granota-2n-de-batxillerat-al-sat-2\/","title":{"rendered":"El Caf\u00e8 de la Granota. 2n de batxillerat al SAT"},"content":{"rendered":"<p>El dia 28 de gener, els alumnes de 2n de batxillerat de l\u2019Institut Narc\u00eds Monturiol ens vam despla\u00e7ar fins al SAT Teatre per veure la posada en escena d\u2019un recull de contes de Jes\u00fas Montcada inclosos dins del llibre <em>El Caf\u00e8 de la Granota<\/em>. At\u00e8s que es tracta d\u2019una lectura obligat\u00f2ria, els alumnes havien llegit pr\u00e8viament el llibre per tal de treure m\u00e9s profit de la representaci\u00f3.<\/p>\n<p>L\u2019acte va tenir la visita de la germana de Jes\u00fas Montcada, que, al final de la funci\u00f3, va participar en un col\u00b7loqui amb els alumnes assistents. Aix\u00f2 ens va permetre aprofundir en el proc\u00e9s creatiu del llibre, que relata i reviu les an\u00e8cdotes que van envoltar la vida del poble de Mequinensa abans de ser engolit per les aig\u00fces del que seria el pant\u00e0 de Riba-roja.<\/p>\n<p>Salva Juan, professor de Llengua i Literatura Catalana<\/p>\n","protected":false},"excerpt":{"rendered":"<p>El dia 28 de gener, els alumnes de 2n de batxillerat de l\u2019Institut Narc\u00eds Monturiol ens vam despla\u00e7ar fins al SAT Teatre per veure la posada en escena d\u2019un recull de contes de Jes\u00fas Montcada inclosos dins del llibre El Caf\u00e8 de la Granota. At\u00e8s&hellip;  <a href=\"https:\/\/agora.xtec.cat\/iesnarcismonturiol\/general\/el-cafe-de-la-granota-2n-de-batxillerat-al-sat-2\/\" title=\"Read El Caf\u00e8 de la Granota. 2n de batxillerat al SAT\">Llegeix m\u00e9s\u00bb<\/a><\/p>\n","protected":false},"author":5,"featured_media":4534,"comment_status":"closed","ping_status":"closed","sticky":false,"template":"","format":"standard","meta":{"_bbp_topic_count":0,"_bbp_reply_count":0,"_bbp_total_topic_count":0,"_bbp_total_reply_count":0,"_bbp_voice_count":0,"_bbp_anonymous_reply_count":0,"_bbp_topic_count_hidden":0,"_bbp_reply_count_hidden":0,"_bbp_forum_subforum_count":0,"footnotes":""},"categories":[121,1],"tags":[40],"class_list":["post-4533","post","type-post","status-publish","format-standard","has-post-thumbnail","hentry","category-catala","category-general","tag-teatre"],"post_mailing_queue_ids":[],"_links":{"self":[{"href":"https:\/\/agora.xtec.cat\/iesnarcismonturiol\/wp-json\/wp\/v2\/posts\/4533","targetHints":{"allow":["GET"]}}],"collection":[{"href":"https:\/\/agora.xtec.cat\/iesnarcismonturiol\/wp-json\/wp\/v2\/posts"}],"about":[{"href":"https:\/\/agora.xtec.cat\/iesnarcismonturiol\/wp-json\/wp\/v2\/types\/post"}],"author":[{"embeddable":true,"href":"https:\/\/agora.xtec.cat\/iesnarcismonturiol\/wp-json\/wp\/v2\/users\/5"}],"replies":[{"embeddable":true,"href":"https:\/\/agora.xtec.cat\/iesnarcismonturiol\/wp-json\/wp\/v2\/comments?post=4533"}],"version-history":[{"count":0,"href":"https:\/\/agora.xtec.cat\/iesnarcismonturiol\/wp-json\/wp\/v2\/posts\/4533\/revisions"}],"wp:featuredmedia":[{"embeddable":true,"href":"https:\/\/agora.xtec.cat\/iesnarcismonturiol\/wp-json\/wp\/v2\/media\/4534"}],"wp:attachment":[{"href":"https:\/\/agora.xtec.cat\/iesnarcismonturiol\/wp-json\/wp\/v2\/media?parent=4533"}],"wp:term":[{"taxonomy":"category","embeddable":true,"href":"https:\/\/agora.xtec.cat\/iesnarcismonturiol\/wp-json\/wp\/v2\/categories?post=4533"},{"taxonomy":"post_tag","embeddable":true,"href":"https:\/\/agora.xtec.cat\/iesnarcismonturiol\/wp-json\/wp\/v2\/tags?post=4533"}],"curies":[{"name":"wp","href":"https:\/\/api.w.org\/{rel}","templated":true}]}}