{"id":4528,"date":"2015-01-16T09:50:51","date_gmt":"2015-01-16T09:50:51","guid":{"rendered":"http:\/\/insmonturiol.cat\/4t-deso-per-la-ruta-del-modernisme-de-sitges"},"modified":"2015-01-16T09:50:51","modified_gmt":"2015-01-16T09:50:51","slug":"4t-deso-per-la-ruta-del-modernisme-de-sitges","status":"publish","type":"post","link":"https:\/\/agora.xtec.cat\/iesnarcismonturiol\/general\/4t-deso-per-la-ruta-del-modernisme-de-sitges\/","title":{"rendered":"4t d&#8217;ESO per la Ruta del Modernisme de Sitges"},"content":{"rendered":"<p><a href=\"http:\/\/insmonturiol.cat\/wp-content\/uploads\/2015\/02\/7e90c097388d0b81ee0fcc17ea1d4110.jpg\"><img loading=\"lazy\" decoding=\"async\" class=\"aligncenter size-medium wp-image-4529\" src=\"http:\/\/insmonturiol.cat\/wp-content\/uploads\/2015\/02\/7e90c097388d0b81ee0fcc17ea1d4110-225x300.jpg\" alt=\"sitges 4t d'eso \" width=\"225\" height=\"300\" srcset=\"https:\/\/agora.xtec.cat\/iesnarcismonturiol\/wp-content\/uploads\/usu2521\/2015\/02\/7e90c097388d0b81ee0fcc17ea1d4110-225x300.jpg 225w, https:\/\/agora.xtec.cat\/iesnarcismonturiol\/wp-content\/uploads\/usu2521\/2015\/02\/7e90c097388d0b81ee0fcc17ea1d4110-768x1024.jpg 768w, https:\/\/agora.xtec.cat\/iesnarcismonturiol\/wp-content\/uploads\/usu2521\/2015\/02\/7e90c097388d0b81ee0fcc17ea1d4110.jpg 960w\" sizes=\"auto, (max-width: 225px) 100vw, 225px\" \/><\/a><\/p>\n<p>L\u2019alumnat de 4rt d\u2019Eso ha fet una visita cultural a Sitges el dia 15 de gener. El prop\u00f2sit era visitar la vila i els seus museus per tenir una idea m\u00e9s viva de la import\u00e0ncia que va tenir durant la d\u00e8cada de 1890-1900 amb el rerefons de les famoses Festes Modernistes impulsades per l\u2019artista Santiago Rusi\u00f1ol. El Cau Ferrat, Mar i Cel i la casa Rocamora han estat una mostra espl\u00e8ndida de tot all\u00f2 que ja hav\u00edem comentat a classe. La visita ha estat guiada pels monitors de TEA que com sempre ens han conven\u00e7ut i agradat for\u00e7a.<\/p>\n<p>Llu\u00efsa Soaz, professora de Llengua i Literatura Catalana<\/p>\n","protected":false},"excerpt":{"rendered":"<p><a href=\"http:\/\/insmonturiol.cat\/wp-content\/uploads\/2015\/02\/7e90c097388d0b81ee0fcc17ea1d4110.jpg\"><\/a><br \/>\nL\u2019alumnat de 4rt d\u2019Eso ha fet una visita cultural a Sitges el dia 15 de gener. El prop\u00f2sit era visitar la vila i els seus museus per tenir una idea m\u00e9s viva de la import\u00e0ncia que va tenir durant la d\u00e8cada de 1890-1900 amb&hellip;  <a href=\"https:\/\/agora.xtec.cat\/iesnarcismonturiol\/general\/4t-deso-per-la-ruta-del-modernisme-de-sitges\/\" title=\"Read 4t d&#8217;ESO per la Ruta del Modernisme de Sitges\">Llegeix m\u00e9s\u00bb<\/a><\/p>\n","protected":false},"author":5,"featured_media":4530,"comment_status":"closed","ping_status":"closed","sticky":false,"template":"","format":"standard","meta":{"_bbp_topic_count":0,"_bbp_reply_count":0,"_bbp_total_topic_count":0,"_bbp_total_reply_count":0,"_bbp_voice_count":0,"_bbp_anonymous_reply_count":0,"_bbp_topic_count_hidden":0,"_bbp_reply_count_hidden":0,"_bbp_forum_subforum_count":0,"footnotes":""},"categories":[121,1],"tags":[245],"class_list":["post-4528","post","type-post","status-publish","format-standard","has-post-thumbnail","hentry","category-catala","category-general","tag-literatura"],"post_mailing_queue_ids":[],"_links":{"self":[{"href":"https:\/\/agora.xtec.cat\/iesnarcismonturiol\/wp-json\/wp\/v2\/posts\/4528","targetHints":{"allow":["GET"]}}],"collection":[{"href":"https:\/\/agora.xtec.cat\/iesnarcismonturiol\/wp-json\/wp\/v2\/posts"}],"about":[{"href":"https:\/\/agora.xtec.cat\/iesnarcismonturiol\/wp-json\/wp\/v2\/types\/post"}],"author":[{"embeddable":true,"href":"https:\/\/agora.xtec.cat\/iesnarcismonturiol\/wp-json\/wp\/v2\/users\/5"}],"replies":[{"embeddable":true,"href":"https:\/\/agora.xtec.cat\/iesnarcismonturiol\/wp-json\/wp\/v2\/comments?post=4528"}],"version-history":[{"count":0,"href":"https:\/\/agora.xtec.cat\/iesnarcismonturiol\/wp-json\/wp\/v2\/posts\/4528\/revisions"}],"wp:featuredmedia":[{"embeddable":true,"href":"https:\/\/agora.xtec.cat\/iesnarcismonturiol\/wp-json\/wp\/v2\/media\/4530"}],"wp:attachment":[{"href":"https:\/\/agora.xtec.cat\/iesnarcismonturiol\/wp-json\/wp\/v2\/media?parent=4528"}],"wp:term":[{"taxonomy":"category","embeddable":true,"href":"https:\/\/agora.xtec.cat\/iesnarcismonturiol\/wp-json\/wp\/v2\/categories?post=4528"},{"taxonomy":"post_tag","embeddable":true,"href":"https:\/\/agora.xtec.cat\/iesnarcismonturiol\/wp-json\/wp\/v2\/tags?post=4528"}],"curies":[{"name":"wp","href":"https:\/\/api.w.org\/{rel}","templated":true}]}}