{"id":4231,"date":"2014-10-28T20:07:17","date_gmt":"2014-10-28T20:07:17","guid":{"rendered":"http:\/\/insmonturiol.cat\/cuines-del-mon-3r-deso-comenca-el-seu-projecte-de-ciencies-socials"},"modified":"2014-10-28T20:07:17","modified_gmt":"2014-10-28T20:07:17","slug":"cuines-del-mon-3r-deso-comenca-el-seu-projecte-de-ciencies-socials","status":"publish","type":"post","link":"https:\/\/agora.xtec.cat\/iesnarcismonturiol\/general\/cuines-del-mon-3r-deso-comenca-el-seu-projecte-de-ciencies-socials\/","title":{"rendered":"&#8220;Cuines del m\u00f3n&#8221; 3r d&#8217;ESO comen\u00e7a el seu projecte de Ci\u00e8ncies Socials"},"content":{"rendered":"<p>L&#8217;aprenentatge dels continguts propis de la Geografia universal i les habilitats i t\u00e8cniques geogr\u00e0fiques i la millora de la compet\u00e8ncia ling\u00fc\u00edstica i digital s\u00f3n els eixos d&#8217;aquest projecte que l&#8217;alumnat de 3r d&#8217;ESO dur\u00e0 a terme amb una metodologia de treball col\u00b7laboratiu.<\/p>\n<p>Estigueu atents a la web, us aniran explicant el seu viatge.<\/p>\n<p>S\u00f2nia Torres, professora de Ci\u00e8ncies Socials<\/p>\n<p><img loading=\"lazy\" decoding=\"async\" src=\"http:\/\/3.bp.blogspot.com\/-gWPsCzzw3cc\/UBLCxi0plGI\/AAAAAAAAA-k\/a6lX4-8gWX8\/s1600\/m%C3%B3n+a+las+mans.jpg\" alt=\"\" width=\"124\" height=\"124\" \/><\/p>\n<p>&nbsp;<\/p>\n","protected":false},"excerpt":{"rendered":"<p>L&#8217;aprenentatge dels continguts propis de la Geografia universal i les habilitats i t\u00e8cniques geogr\u00e0fiques i la millora de la compet\u00e8ncia ling\u00fc\u00edstica i digital s\u00f3n els eixos d&#8217;aquest projecte que l&#8217;alumnat de 3r d&#8217;ESO dur\u00e0 a terme amb una metodologia de treball col\u00b7laboratiu.<br \/>\nEstigueu atents a la&hellip;  <a href=\"https:\/\/agora.xtec.cat\/iesnarcismonturiol\/general\/cuines-del-mon-3r-deso-comenca-el-seu-projecte-de-ciencies-socials\/\" title=\"Read &#8220;Cuines del m\u00f3n&#8221; 3r d&#8217;ESO comen\u00e7a el seu projecte de Ci\u00e8ncies Socials\">Llegeix m\u00e9s\u00bb<\/a><\/p>\n","protected":false},"author":5,"featured_media":4579,"comment_status":"closed","ping_status":"closed","sticky":false,"template":"","format":"standard","meta":{"_bbp_topic_count":0,"_bbp_reply_count":0,"_bbp_total_topic_count":0,"_bbp_total_reply_count":0,"_bbp_voice_count":0,"_bbp_anonymous_reply_count":0,"_bbp_topic_count_hidden":0,"_bbp_reply_count_hidden":0,"_bbp_forum_subforum_count":0,"footnotes":""},"categories":[123,1],"tags":[228],"class_list":["post-4231","post","type-post","status-publish","format-standard","has-post-thumbnail","hentry","category-ciencies-socials","category-general","tag-geografia"],"post_mailing_queue_ids":[],"_links":{"self":[{"href":"https:\/\/agora.xtec.cat\/iesnarcismonturiol\/wp-json\/wp\/v2\/posts\/4231","targetHints":{"allow":["GET"]}}],"collection":[{"href":"https:\/\/agora.xtec.cat\/iesnarcismonturiol\/wp-json\/wp\/v2\/posts"}],"about":[{"href":"https:\/\/agora.xtec.cat\/iesnarcismonturiol\/wp-json\/wp\/v2\/types\/post"}],"author":[{"embeddable":true,"href":"https:\/\/agora.xtec.cat\/iesnarcismonturiol\/wp-json\/wp\/v2\/users\/5"}],"replies":[{"embeddable":true,"href":"https:\/\/agora.xtec.cat\/iesnarcismonturiol\/wp-json\/wp\/v2\/comments?post=4231"}],"version-history":[{"count":0,"href":"https:\/\/agora.xtec.cat\/iesnarcismonturiol\/wp-json\/wp\/v2\/posts\/4231\/revisions"}],"wp:featuredmedia":[{"embeddable":true,"href":"https:\/\/agora.xtec.cat\/iesnarcismonturiol\/wp-json\/wp\/v2\/media\/4579"}],"wp:attachment":[{"href":"https:\/\/agora.xtec.cat\/iesnarcismonturiol\/wp-json\/wp\/v2\/media?parent=4231"}],"wp:term":[{"taxonomy":"category","embeddable":true,"href":"https:\/\/agora.xtec.cat\/iesnarcismonturiol\/wp-json\/wp\/v2\/categories?post=4231"},{"taxonomy":"post_tag","embeddable":true,"href":"https:\/\/agora.xtec.cat\/iesnarcismonturiol\/wp-json\/wp\/v2\/tags?post=4231"}],"curies":[{"name":"wp","href":"https:\/\/api.w.org\/{rel}","templated":true}]}}