{"id":4213,"date":"2014-09-26T08:08:27","date_gmt":"2014-09-26T08:08:27","guid":{"rendered":"http:\/\/insmonturiol.cat\/1r-de-batxillerat-al-centre-municipal-de-vela"},"modified":"2014-09-26T08:08:27","modified_gmt":"2014-09-26T08:08:27","slug":"1r-de-batxillerat-al-centre-municipal-de-vela","status":"publish","type":"post","link":"https:\/\/agora.xtec.cat\/iesnarcismonturiol\/general\/1r-de-batxillerat-al-centre-municipal-de-vela\/","title":{"rendered":"1r de Batxillerat al Centre Municipal de Vela."},"content":{"rendered":"<p>El passat 25 de setembre, l\u2019alumnat de primer de batxillerat, van fer la primera sortida del<\/p>\n<p>curs. Aquesta sortida est\u00e0 pensada per fer un treball de cohesi\u00f3 de grup perqu\u00e8 hi ha molt<\/p>\n<p>alumnat nou i alhora per fer una pr\u00e0ctica esportiva i l\u00fadica. El Centre Municipal de Vela<\/p>\n<p>de Barcelona \u00e9s on es va dur a terme l\u2019activitat. La jornada es va dividir en dos, una meitat<\/p>\n<p>del grup van fer caiac, paddel surf i windsurf mentrestant la resta embarcava en petites<\/p>\n<p>embarcacions col\u00b7lectives acompanyat d\u2019un instructor i sortien a la mar. L&#8217;objectiu del Bateig<\/p>\n<p>de Vela era con\u00e8ixer els elements b\u00e0sics de la navegaci\u00f3 i experimentar per primera vegada<\/p>\n<p>el despla\u00e7ar-se en una embarcaci\u00f3 de vela. Despr\u00e9s de dues hores d\u2019activitat van canviar i aix\u00ed<\/p>\n<p>tothom va poder fer totes les propostes. El mat\u00ed va passar volant, alguns van estar m\u00e9s estona<\/p>\n<p>a l\u2019aigua que no pas intentant aguantar l\u2019equilibri sobre el paddel o la taula de windsurf, per\u00f2<\/p>\n<p>l\u2019experi\u00e8ncia va ser molt bona i ben acollida per part de l\u2019alumnat.<\/p>\n<p>Marta Pol, professora d&#8217;Educaci\u00f3 F\u00edsica<\/p>\n<p>&nbsp;<\/p>\n<table style=\"border-collapse: collapse; border-color: #888888; border-width: 3px; height: 270px;\" border=\"3\" width=\"367\" cellspacing=\"3\">\n<tbody>\n<tr>\n<td style=\"width: 60px;\"><img loading=\"lazy\" decoding=\"async\" class=\"aligncenter size-medium wp-image-4228\" src=\"http:\/\/insmonturiol.cat\/wp-content\/uploads\/2014\/09\/20140925_095418-1-180x300.jpg\" alt=\"20140925_095418 1\" width=\"180\" height=\"300\" \/><\/td>\n<td style=\"width: 60px;\"><img loading=\"lazy\" decoding=\"async\" class=\"aligncenter size-medium wp-image-4226\" src=\"http:\/\/insmonturiol.cat\/wp-content\/uploads\/2014\/09\/20140925_095538-180x300.jpg\" alt=\"20140925_095538\" width=\"180\" height=\"300\" \/><\/td>\n<\/tr>\n<tr>\n<td style=\"width: 60px;\"><\/td>\n<td style=\"width: 60px;\"><\/td>\n<\/tr>\n<\/tbody>\n<\/table>\n<p>&nbsp;<\/p>\n<p><a href=\"http:\/\/insmonturiol.cat\/wp-content\/uploads\/2014\/09\/20140925_095418-1.jpg\"><br \/>\n<\/a><\/p>\n","protected":false},"excerpt":{"rendered":"<p>El passat 25 de setembre, l\u2019alumnat de primer de batxillerat, van fer la primera sortida del<br \/>\ncurs. Aquesta sortida est\u00e0 pensada per fer un treball de cohesi\u00f3 de grup perqu\u00e8 hi ha molt<br \/>\nalumnat nou i alhora per fer una pr\u00e0ctica esportiva i l\u00fadica. El Centre Municipal&hellip;  <a href=\"https:\/\/agora.xtec.cat\/iesnarcismonturiol\/general\/1r-de-batxillerat-al-centre-municipal-de-vela\/\" title=\"Read 1r de Batxillerat al Centre Municipal de Vela.\">Llegeix m\u00e9s\u00bb<\/a><\/p>\n","protected":false},"author":5,"featured_media":4589,"comment_status":"closed","ping_status":"closed","sticky":false,"template":"","format":"standard","meta":{"_bbp_topic_count":0,"_bbp_reply_count":0,"_bbp_total_topic_count":0,"_bbp_total_reply_count":0,"_bbp_voice_count":0,"_bbp_anonymous_reply_count":0,"_bbp_topic_count_hidden":0,"_bbp_reply_count_hidden":0,"_bbp_forum_subforum_count":0,"footnotes":""},"categories":[128,1],"tags":[214,318,320],"class_list":["post-4213","post","type-post","status-publish","format-standard","has-post-thumbnail","hentry","category-expressio","category-general","tag-esports","tag-tutoria","tag-vela"],"post_mailing_queue_ids":[],"_links":{"self":[{"href":"https:\/\/agora.xtec.cat\/iesnarcismonturiol\/wp-json\/wp\/v2\/posts\/4213","targetHints":{"allow":["GET"]}}],"collection":[{"href":"https:\/\/agora.xtec.cat\/iesnarcismonturiol\/wp-json\/wp\/v2\/posts"}],"about":[{"href":"https:\/\/agora.xtec.cat\/iesnarcismonturiol\/wp-json\/wp\/v2\/types\/post"}],"author":[{"embeddable":true,"href":"https:\/\/agora.xtec.cat\/iesnarcismonturiol\/wp-json\/wp\/v2\/users\/5"}],"replies":[{"embeddable":true,"href":"https:\/\/agora.xtec.cat\/iesnarcismonturiol\/wp-json\/wp\/v2\/comments?post=4213"}],"version-history":[{"count":0,"href":"https:\/\/agora.xtec.cat\/iesnarcismonturiol\/wp-json\/wp\/v2\/posts\/4213\/revisions"}],"wp:featuredmedia":[{"embeddable":true,"href":"https:\/\/agora.xtec.cat\/iesnarcismonturiol\/wp-json\/wp\/v2\/media\/4589"}],"wp:attachment":[{"href":"https:\/\/agora.xtec.cat\/iesnarcismonturiol\/wp-json\/wp\/v2\/media?parent=4213"}],"wp:term":[{"taxonomy":"category","embeddable":true,"href":"https:\/\/agora.xtec.cat\/iesnarcismonturiol\/wp-json\/wp\/v2\/categories?post=4213"},{"taxonomy":"post_tag","embeddable":true,"href":"https:\/\/agora.xtec.cat\/iesnarcismonturiol\/wp-json\/wp\/v2\/tags?post=4213"}],"curies":[{"name":"wp","href":"https:\/\/api.w.org\/{rel}","templated":true}]}}