{"id":4182,"date":"2014-09-17T12:22:39","date_gmt":"2014-09-17T12:22:39","guid":{"rendered":"http:\/\/insmonturiol.cat\/linstitut-narcis-monturiol-al-mapa-barcelona-sostenible"},"modified":"2014-09-17T12:22:39","modified_gmt":"2014-09-17T12:22:39","slug":"linstitut-narcis-monturiol-al-mapa-barcelona-sostenible","status":"publish","type":"post","link":"https:\/\/agora.xtec.cat\/iesnarcismonturiol\/general\/linstitut-narcis-monturiol-al-mapa-barcelona-sostenible\/","title":{"rendered":"L&#8217;INSTITUT NARC\u00cdS MONTURIOL AL MAPA BARCELONA +SOSTENIBLE"},"content":{"rendered":"<p>El Mapa Barcelona +Sostenible recull tot all\u00f2 que \u00e9s fa per a millorar la ciutat, podeu trobar tota la informaci\u00f3 a:<\/p>\n<p><a title=\"Mapa Barcelona +Sostenible\" href=\"http:\/\/www.bcnsostenible.cat\/\" target=\"_blank\" rel=\"noopener\">http:\/\/www.bcnsostenible.cat\/<\/a><\/p>\n<p>&nbsp;<\/p>\n<p>i la de l&#8217;Institut Narc\u00eds Monturiol a l&#8217;enlla\u00e7:<\/p>\n<p><a title=\"Institut Narc\u00eds Monturiol -Montbau\" href=\"http:\/\/www.bcnsostenible.cat\/punt\/5391df090a92f43d0a8b47d1\" target=\"_blank\" rel=\"noopener\">http:\/\/www.bcnsostenible.cat\/punt\/5391df090a92f43d0a8b47d1<\/a><a href=\"http:\/\/insmonturiol.cat\/wp-content\/uploads\/2014\/09\/mapa_barcelona_sostenible_tasca_projectes_cultura.jpg\"><img loading=\"lazy\" decoding=\"async\" class=\"aligncenter size-medium wp-image-4184\" src=\"http:\/\/insmonturiol.cat\/wp-content\/uploads\/2014\/09\/mapa_barcelona_sostenible_tasca_projectes_cultura-300x187.jpg\" alt=\"mapa_barcelona_sostenible_tasca_projectes_cultura\" width=\"300\" height=\"187\" \/><\/a><\/p>\n","protected":false},"excerpt":{"rendered":"<p>El Mapa Barcelona +Sostenible recull tot all\u00f2 que \u00e9s fa per a millorar la ciutat, podeu trobar tota la informaci\u00f3 a:<br \/>\n<a title=\"Mapa Barcelona +Sostenible\" href=\"http:\/\/www.bcnsostenible.cat\/\" target=\"_blank\" rel=\"noopener\">http:\/\/www.bcnsostenible.cat\/<\/a><br \/>\n&nbsp;<br \/>\ni la de l&#8217;Institut Narc\u00eds Monturiol a l&#8217;enlla\u00e7:<br \/>\n<a title=\"Institut Narc\u00eds Monturiol -Montbau\" href=\"http:\/\/www.bcnsostenible.cat\/punt\/5391df090a92f43d0a8b47d1\" target=\"_blank\" rel=\"noopener\">http:\/\/www.bcnsostenible.cat\/punt\/5391df090a92f43d0a8b47d1<\/a><a href=\"http:\/\/insmonturiol.cat\/wp-content\/uploads\/2014\/09\/mapa_barcelona_sostenible_tasca_projectes_cultura.jpg\"><\/a><\/p>\n","protected":false},"author":5,"featured_media":4593,"comment_status":"closed","ping_status":"closed","sticky":false,"template":"","format":"standard","meta":{"_bbp_topic_count":0,"_bbp_reply_count":0,"_bbp_total_topic_count":0,"_bbp_total_reply_count":0,"_bbp_voice_count":0,"_bbp_anonymous_reply_count":0,"_bbp_topic_count_hidden":0,"_bbp_reply_count_hidden":0,"_bbp_forum_subforum_count":0,"footnotes":""},"categories":[122,1],"tags":[147,304],"class_list":["post-4182","post","type-post","status-publish","format-standard","has-post-thumbnail","hentry","category-ciencies-naturals","category-general","tag-agenda-21","tag-sostenibilitat"],"post_mailing_queue_ids":[],"_links":{"self":[{"href":"https:\/\/agora.xtec.cat\/iesnarcismonturiol\/wp-json\/wp\/v2\/posts\/4182","targetHints":{"allow":["GET"]}}],"collection":[{"href":"https:\/\/agora.xtec.cat\/iesnarcismonturiol\/wp-json\/wp\/v2\/posts"}],"about":[{"href":"https:\/\/agora.xtec.cat\/iesnarcismonturiol\/wp-json\/wp\/v2\/types\/post"}],"author":[{"embeddable":true,"href":"https:\/\/agora.xtec.cat\/iesnarcismonturiol\/wp-json\/wp\/v2\/users\/5"}],"replies":[{"embeddable":true,"href":"https:\/\/agora.xtec.cat\/iesnarcismonturiol\/wp-json\/wp\/v2\/comments?post=4182"}],"version-history":[{"count":0,"href":"https:\/\/agora.xtec.cat\/iesnarcismonturiol\/wp-json\/wp\/v2\/posts\/4182\/revisions"}],"wp:featuredmedia":[{"embeddable":true,"href":"https:\/\/agora.xtec.cat\/iesnarcismonturiol\/wp-json\/wp\/v2\/media\/4593"}],"wp:attachment":[{"href":"https:\/\/agora.xtec.cat\/iesnarcismonturiol\/wp-json\/wp\/v2\/media?parent=4182"}],"wp:term":[{"taxonomy":"category","embeddable":true,"href":"https:\/\/agora.xtec.cat\/iesnarcismonturiol\/wp-json\/wp\/v2\/categories?post=4182"},{"taxonomy":"post_tag","embeddable":true,"href":"https:\/\/agora.xtec.cat\/iesnarcismonturiol\/wp-json\/wp\/v2\/tags?post=4182"}],"curies":[{"name":"wp","href":"https:\/\/api.w.org\/{rel}","templated":true}]}}