{"id":4091,"date":"2014-07-16T10:43:49","date_gmt":"2014-07-16T10:43:49","guid":{"rendered":"http:\/\/insmonturiol.cat\/reutilitzacio-i-venda-de-llibres-campanya-2014-2015"},"modified":"2014-07-16T10:43:49","modified_gmt":"2014-07-16T10:43:49","slug":"reutilitzacio-i-venda-de-llibres-campanya-2014-2015","status":"publish","type":"post","link":"https:\/\/agora.xtec.cat\/iesnarcismonturiol\/general\/reutilitzacio-i-venda-de-llibres-campanya-2014-2015\/","title":{"rendered":"REUTILITZACI\u00d3 I VENDA DE LLIBRES: CAMPANYA 2014-2015"},"content":{"rendered":"<p style=\"text-align: center;\"><span style=\"color: #ff0000;\">RECOLLIDA LLIBRES SETEMBRE:<\/span><\/p>\n<p>Dimecres 3 de Setembre de 10:30 a 12:30 hores<\/p>\n<p>Divendres 5 de Setembre de 10:30 a 12:30 hores.<\/p>\n<p>Aquest curs, els llibres que es poden reutilitzar a l&#8217;ESO<\/p>\n<p>1r ESO: Castell\u00e0, Naturals, Tecnologia, Socials, Angl\u00e8s<\/p>\n<p>2n ESO: Castell\u00e0, Naturals, Tecnologia, Socials, Angles<\/p>\n<p>3r ESO: Castell\u00e0, Biologia i Geologia, F\u00edsica i Qu\u00edmica, Matem\u00e0tiques, Tecnologia, Socials.<\/p>\n<p>4t ESO: Castell\u00e0, Matem\u00e0tiques, Socials.<\/p>\n<p>Els llibres de Batxillerat es poden reutilitzar tots els d&#8217;aquest curs.<\/p>\n<div><\/div>\n<table style=\"border-collapse: collapse; border-color: #888888; border-width: 1px;\" border=\"1\" cellspacing=\"0\">\n<tbody>\n<tr>\n<td style=\"width: 136px; height: 20px;\"><\/td>\n<td style=\"width: 72px; height: 20px;\">\u00a0CURSOS<\/td>\n<td style=\"width: 325px; height: 20px;\">\u00a0HORARI<\/td>\n<\/tr>\n<tr>\n<td style=\"width: 136px; height: 41px;\">Dilluns 15<\/td>\n<td style=\"width: 72px; height: 41px;\"><span style=\"color: #626262; font-family: Arial, Helvetica, sans-serif; font-size: 12px; line-height: 14px;\">2n i 3r d\u2019ESO<\/span><\/td>\n<td style=\"width: 325px; height: 41px;\"><span style=\"color: #626262; font-family: Arial, Helvetica, sans-serif; font-size: 12px; line-height: 14px;\"><span style=\"color: #626262; font-family: Arial, Helvetica, sans-serif; font-size: 12px; line-height: 14px;\">\u00a016 a 19 hores<\/span><\/span>Fam\u00edlies que NO han portat llibres per reciclar:a partir de les 17:30 h.<\/td>\n<\/tr>\n<tr>\n<td style=\"width: 136px; height: 41px;\">Dimarts 16<\/td>\n<td style=\"width: 72px; height: 41px;\">1r i 4t d&#8217;ESO<\/td>\n<td style=\"width: 325px; height: 41px;\"><span style=\"color: #626262; font-family: Arial, Helvetica, sans-serif; font-size: 12px; line-height: 14px;\"><span style=\"color: #626262; font-family: Arial, Helvetica, sans-serif; font-size: 12px; line-height: 14px;\">\u00a016 a 19 hores<\/span><\/span>1r d\u2019ESO i Fam\u00edlies que NO han portat llibres per reciclar:a partir de les 17:30 h.<\/td>\n<\/tr>\n<tr>\n<td style=\"width: 136px; height: 43px;\">Dimecres 17<\/td>\n<td style=\"width: 72px; height: 43px;\">Batxillerat<\/td>\n<td style=\"width: 325px; height: 43px;\"><span style=\"color: #626262; font-family: Arial, Helvetica, sans-serif; font-size: 12px; line-height: 14px;\"><span style=\"color: #626262; font-family: Arial, Helvetica, sans-serif; font-size: 12px; line-height: 14px;\">\u00a016 a 19 hores<\/span><\/span>Fam\u00edlies que NO han portat llibres per reciclar:a partir de les 17:30 h.<\/td>\n<\/tr>\n<tr>\n<td style=\"width: 136px; height: 22px;\">Dijous 18<\/td>\n<td style=\"width: 72px; height: 22px;\">Incid\u00e8ncies<\/td>\n<td style=\"width: 325px; height: 22px;\"><span style=\"color: #626262; font-family: Arial, Helvetica, sans-serif; font-size: 12px; line-height: 14px;\">17 a 19 hores<\/span><\/td>\n<\/tr>\n<\/tbody>\n<\/table>\n<p>&nbsp;<\/p>\n","protected":false},"excerpt":{"rendered":"<p>RECOLLIDA LLIBRES SETEMBRE:<br \/>\nDimecres 3 de Setembre de 10:30 a 12:30 hores<br \/>\nDivendres 5 de Setembre de 10:30 a 12:30 hores.<br \/>\nAquest curs, els llibres que es poden reutilitzar a l&#8217;ESO<br \/>\n1r ESO: Castell\u00e0, Naturals, Tecnologia, Socials, Angl\u00e8s<br \/>\n2n ESO: Castell\u00e0, Naturals, Tecnologia, Socials, Angles<br \/>\n3r ESO: Castell\u00e0, Biologia i Geologia,&hellip;  <a href=\"https:\/\/agora.xtec.cat\/iesnarcismonturiol\/general\/reutilitzacio-i-venda-de-llibres-campanya-2014-2015\/\" title=\"Read REUTILITZACI\u00d3 I VENDA DE LLIBRES: CAMPANYA 2014-2015\">Llegeix m\u00e9s\u00bb<\/a><\/p>\n","protected":false},"author":5,"featured_media":4490,"comment_status":"closed","ping_status":"closed","sticky":false,"template":"","format":"standard","meta":{"_bbp_topic_count":0,"_bbp_reply_count":0,"_bbp_total_topic_count":0,"_bbp_total_reply_count":0,"_bbp_voice_count":0,"_bbp_anonymous_reply_count":0,"_bbp_topic_count_hidden":0,"_bbp_reply_count_hidden":0,"_bbp_forum_subforum_count":0,"footnotes":""},"categories":[1],"tags":[],"class_list":["post-4091","post","type-post","status-publish","format-standard","has-post-thumbnail","hentry","category-general"],"post_mailing_queue_ids":[],"_links":{"self":[{"href":"https:\/\/agora.xtec.cat\/iesnarcismonturiol\/wp-json\/wp\/v2\/posts\/4091","targetHints":{"allow":["GET"]}}],"collection":[{"href":"https:\/\/agora.xtec.cat\/iesnarcismonturiol\/wp-json\/wp\/v2\/posts"}],"about":[{"href":"https:\/\/agora.xtec.cat\/iesnarcismonturiol\/wp-json\/wp\/v2\/types\/post"}],"author":[{"embeddable":true,"href":"https:\/\/agora.xtec.cat\/iesnarcismonturiol\/wp-json\/wp\/v2\/users\/5"}],"replies":[{"embeddable":true,"href":"https:\/\/agora.xtec.cat\/iesnarcismonturiol\/wp-json\/wp\/v2\/comments?post=4091"}],"version-history":[{"count":0,"href":"https:\/\/agora.xtec.cat\/iesnarcismonturiol\/wp-json\/wp\/v2\/posts\/4091\/revisions"}],"wp:featuredmedia":[{"embeddable":true,"href":"https:\/\/agora.xtec.cat\/iesnarcismonturiol\/wp-json\/wp\/v2\/media\/4490"}],"wp:attachment":[{"href":"https:\/\/agora.xtec.cat\/iesnarcismonturiol\/wp-json\/wp\/v2\/media?parent=4091"}],"wp:term":[{"taxonomy":"category","embeddable":true,"href":"https:\/\/agora.xtec.cat\/iesnarcismonturiol\/wp-json\/wp\/v2\/categories?post=4091"},{"taxonomy":"post_tag","embeddable":true,"href":"https:\/\/agora.xtec.cat\/iesnarcismonturiol\/wp-json\/wp\/v2\/tags?post=4091"}],"curies":[{"name":"wp","href":"https:\/\/api.w.org\/{rel}","templated":true}]}}