{"id":4015,"date":"2014-07-02T11:44:48","date_gmt":"2014-07-02T11:44:48","guid":{"rendered":"http:\/\/insmonturiol.cat\/llibres-de-text-curs-2014-2015"},"modified":"2014-07-02T11:44:48","modified_gmt":"2014-07-02T11:44:48","slug":"llibres-de-text-curs-2014-2015","status":"publish","type":"post","link":"https:\/\/agora.xtec.cat\/iesnarcismonturiol\/general\/llibres-de-text-curs-2014-2015\/","title":{"rendered":"LLIBRES DE TEXT CURS 2014-2015"},"content":{"rendered":"<p style=\"color: #707070;\">Per tal de preparar el nou curs us detallem a continuaci\u00f3 els llibres de text per a l\u2019ESO i el Batxillerat.<\/p>\n<p style=\"color: #707070;\">Us recordem que al juny va comen\u00e7ar la recollida de llibres per a reutilitzaci\u00f3 i que al setembre se\u2019n far\u00e0 una nova recollida. Aquest curs la Comissi\u00f3 de Reutilitzaci\u00f3 i els delegats i delegades d\u2019Escoles Verdes han organitzat un taller de reparaci\u00f3 de llibres per a tot l\u2019alumnat, amb l\u2019objectiu de mantenir els llibres en bon estat.<\/p>\n<p style=\"color: #707070;\">Us recordem que l\u2019AMPA de l\u2019Institut us ofereix el servei de venda de llibre de text nou i que ben aviat rebreu la seva carta amb tota la informaci\u00f3 que us cal.<\/p>\n<p style=\"color: #707070;\">En el cas de l\u2019alumnat amb mat\u00e8ries pendents per Setembre, l\u2019AMPA us facilitar\u00e0 els llistats de llibres dels dos cursos.<\/p>\n<p><a href=\"http:\/\/insmonturiol.cat\/wp-content\/uploads\/2014\/07\/llibres-de-text-1r-deso.pdf\">llibres de text 1r d&#8217;eso<\/a><\/p>\n<p><a href=\"http:\/\/insmonturiol.cat\/wp-content\/uploads\/2014\/07\/llibres-de-text-2n-deso.pdf\">llibres de text 2n d&#8217;eso<\/a><\/p>\n<p><a href=\"http:\/\/insmonturiol.cat\/wp-content\/uploads\/2014\/07\/llibres-de-text-3r-deso.pdf\">llibres de text 3r d&#8217;eso<\/a><\/p>\n<p><a href=\"http:\/\/insmonturiol.cat\/wp-content\/uploads\/2014\/07\/llibres-de-text-4t-deso.pdf\">llibres de text 4t d&#8217;eso<\/a><\/p>\n<p><a href=\"http:\/\/insmonturiol.cat\/wp-content\/uploads\/2014\/07\/llibres-de-text-4t-eso-grup-C.pdf\">llibres de text 4t eso grup C<\/a><\/p>\n<p><a href=\"http:\/\/insmonturiol.cat\/wp-content\/uploads\/2014\/07\/llibres-de-text-1r-batxillerat.pdf\">llibres de text 1r batxillerat<\/a><\/p>\n<p><a href=\"http:\/\/insmonturiol.cat\/wp-content\/uploads\/2014\/07\/llibres-de-text-2n-batxillerat1.pdf\">llibres de text 2n batxillerat<\/a><\/p>\n","protected":false},"excerpt":{"rendered":"<p>Per tal de preparar el nou curs us detallem a continuaci\u00f3 els llibres de text per a l\u2019ESO i el Batxillerat.<br \/>\nUs recordem que al juny va comen\u00e7ar la recollida de llibres per a reutilitzaci\u00f3 i que al setembre se\u2019n far\u00e0 una nova recollida. Aquest curs&hellip;  <a href=\"https:\/\/agora.xtec.cat\/iesnarcismonturiol\/general\/llibres-de-text-curs-2014-2015\/\" title=\"Read LLIBRES DE TEXT CURS 2014-2015\">Llegeix m\u00e9s\u00bb<\/a><\/p>\n","protected":false},"author":5,"featured_media":4688,"comment_status":"closed","ping_status":"closed","sticky":false,"template":"","format":"standard","meta":{"_bbp_topic_count":0,"_bbp_reply_count":0,"_bbp_total_topic_count":0,"_bbp_total_reply_count":0,"_bbp_voice_count":0,"_bbp_anonymous_reply_count":0,"_bbp_topic_count_hidden":0,"_bbp_reply_count_hidden":0,"_bbp_forum_subforum_count":0,"footnotes":""},"categories":[1],"tags":[],"class_list":["post-4015","post","type-post","status-publish","format-standard","has-post-thumbnail","hentry","category-general"],"post_mailing_queue_ids":[],"_links":{"self":[{"href":"https:\/\/agora.xtec.cat\/iesnarcismonturiol\/wp-json\/wp\/v2\/posts\/4015","targetHints":{"allow":["GET"]}}],"collection":[{"href":"https:\/\/agora.xtec.cat\/iesnarcismonturiol\/wp-json\/wp\/v2\/posts"}],"about":[{"href":"https:\/\/agora.xtec.cat\/iesnarcismonturiol\/wp-json\/wp\/v2\/types\/post"}],"author":[{"embeddable":true,"href":"https:\/\/agora.xtec.cat\/iesnarcismonturiol\/wp-json\/wp\/v2\/users\/5"}],"replies":[{"embeddable":true,"href":"https:\/\/agora.xtec.cat\/iesnarcismonturiol\/wp-json\/wp\/v2\/comments?post=4015"}],"version-history":[{"count":0,"href":"https:\/\/agora.xtec.cat\/iesnarcismonturiol\/wp-json\/wp\/v2\/posts\/4015\/revisions"}],"wp:featuredmedia":[{"embeddable":true,"href":"https:\/\/agora.xtec.cat\/iesnarcismonturiol\/wp-json\/wp\/v2\/media\/4688"}],"wp:attachment":[{"href":"https:\/\/agora.xtec.cat\/iesnarcismonturiol\/wp-json\/wp\/v2\/media?parent=4015"}],"wp:term":[{"taxonomy":"category","embeddable":true,"href":"https:\/\/agora.xtec.cat\/iesnarcismonturiol\/wp-json\/wp\/v2\/categories?post=4015"},{"taxonomy":"post_tag","embeddable":true,"href":"https:\/\/agora.xtec.cat\/iesnarcismonturiol\/wp-json\/wp\/v2\/tags?post=4015"}],"curies":[{"name":"wp","href":"https:\/\/api.w.org\/{rel}","templated":true}]}}