{"id":3847,"date":"2014-03-20T08:23:33","date_gmt":"2014-03-20T08:23:33","guid":{"rendered":"http:\/\/insmonturiol.cat\/1r-deso-contes-de-tots-colors"},"modified":"2014-03-20T08:23:33","modified_gmt":"2014-03-20T08:23:33","slug":"1r-deso-contes-de-tots-colors","status":"publish","type":"post","link":"https:\/\/agora.xtec.cat\/iesnarcismonturiol\/catala\/1r-deso-contes-de-tots-colors\/","title":{"rendered":"1r d&#8217;ESO: Contes de tots colors"},"content":{"rendered":"<p>L&#8217;alumnat de 1r d&#8217;ESO ha participat en l&#8217;activitat\u00a0<em>Contes de tots colors.\u00a0<\/em>Han escoltat a dos narradors d&#8217;altres cultures i pa\u00efsos, explicar diferents formes de pensar dels seus pobles i com amb els contes transmeten la tradici\u00f3.<\/p>\n<p><em>Ens ho explica una alumna de 1r d&#8217;ESO:<\/em><\/p>\n<p><em>..&#8221;El lunes dia 19 de marzo, vinieron dos cuenta cuentos al Narc\u00eds Monturiol. Uno se llamaba Yoshi, era japon\u00e9s, hablaba muy bien catal\u00e1n para ser de Jap\u00f3n. Y al contar el cuento lo contaba con mucha energia y con muchas ganas. Era muy divertido y el cuento muy interesante.<\/em><\/p>\n<p><em>Tamb\u00eden habia una chica que contaba los cuentos con mucha pasi\u00f3n y hac\u00eda que los que lo escuchaban se metieran dentro del cuento. <\/em><\/p>\n<p><em>Todo el mundo se lo pas\u00f3 genial!.<\/em><\/p>\n<p>Milagros Garciarena, alumna de 1r d&#8217;ESO<\/p>\n","protected":false},"excerpt":{"rendered":"<p>L&#8217;alumnat de 1r d&#8217;ESO ha participat en l&#8217;activitat\u00a0Contes de tots colors.\u00a0Han escoltat a dos narradors d&#8217;altres cultures i pa\u00efsos, explicar diferents formes de pensar dels seus pobles i com amb els contes transmeten la tradici\u00f3.<br \/>\nEns ho explica una alumna de 1r d&#8217;ESO:<br \/>\n..&#8221;El lunes dia 19&hellip;  <a href=\"https:\/\/agora.xtec.cat\/iesnarcismonturiol\/catala\/1r-deso-contes-de-tots-colors\/\" title=\"Read 1r d&#8217;ESO: Contes de tots colors\">Llegeix m\u00e9s\u00bb<\/a><\/p>\n","protected":false},"author":5,"featured_media":4696,"comment_status":"closed","ping_status":"closed","sticky":false,"template":"","format":"standard","meta":{"_bbp_topic_count":0,"_bbp_reply_count":0,"_bbp_total_topic_count":0,"_bbp_total_reply_count":0,"_bbp_voice_count":0,"_bbp_anonymous_reply_count":0,"_bbp_topic_count_hidden":0,"_bbp_reply_count_hidden":0,"_bbp_forum_subforum_count":0,"footnotes":""},"categories":[121,128],"tags":[],"class_list":["post-3847","post","type-post","status-publish","format-standard","has-post-thumbnail","hentry","category-catala","category-expressio"],"post_mailing_queue_ids":[],"_links":{"self":[{"href":"https:\/\/agora.xtec.cat\/iesnarcismonturiol\/wp-json\/wp\/v2\/posts\/3847","targetHints":{"allow":["GET"]}}],"collection":[{"href":"https:\/\/agora.xtec.cat\/iesnarcismonturiol\/wp-json\/wp\/v2\/posts"}],"about":[{"href":"https:\/\/agora.xtec.cat\/iesnarcismonturiol\/wp-json\/wp\/v2\/types\/post"}],"author":[{"embeddable":true,"href":"https:\/\/agora.xtec.cat\/iesnarcismonturiol\/wp-json\/wp\/v2\/users\/5"}],"replies":[{"embeddable":true,"href":"https:\/\/agora.xtec.cat\/iesnarcismonturiol\/wp-json\/wp\/v2\/comments?post=3847"}],"version-history":[{"count":0,"href":"https:\/\/agora.xtec.cat\/iesnarcismonturiol\/wp-json\/wp\/v2\/posts\/3847\/revisions"}],"wp:featuredmedia":[{"embeddable":true,"href":"https:\/\/agora.xtec.cat\/iesnarcismonturiol\/wp-json\/wp\/v2\/media\/4696"}],"wp:attachment":[{"href":"https:\/\/agora.xtec.cat\/iesnarcismonturiol\/wp-json\/wp\/v2\/media?parent=3847"}],"wp:term":[{"taxonomy":"category","embeddable":true,"href":"https:\/\/agora.xtec.cat\/iesnarcismonturiol\/wp-json\/wp\/v2\/categories?post=3847"},{"taxonomy":"post_tag","embeddable":true,"href":"https:\/\/agora.xtec.cat\/iesnarcismonturiol\/wp-json\/wp\/v2\/tags?post=3847"}],"curies":[{"name":"wp","href":"https:\/\/api.w.org\/{rel}","templated":true}]}}