{"id":3630,"date":"2014-03-14T21:09:22","date_gmt":"2014-03-14T21:09:22","guid":{"rendered":"http:\/\/insmonturiol.cat\/treball-sintesi-3r-deso"},"modified":"2014-03-14T21:09:22","modified_gmt":"2014-03-14T21:09:22","slug":"treball-sintesi-3r-deso","status":"publish","type":"post","link":"https:\/\/agora.xtec.cat\/iesnarcismonturiol\/general\/treball-sintesi-3r-deso\/","title":{"rendered":"Treball s\u00edntesi 3r d&#8217;ESO"},"content":{"rendered":"<p><a href=\"http:\/\/insmonturiol.cat\/wp-content\/uploads\/2014\/03\/DSC01235.jpg\"><br \/>\n<\/a> <a href=\"http:\/\/insmonturiol.cat\/wp-content\/uploads\/2014\/03\/DSC01233.jpg\"><br \/>\n<\/a>&#8220;L&#8217;alumnat de 3r\u00a0d&#8217;ESO\u00a0ja hem comen\u00e7at el nostre treball de s\u00edntesi. Hem &#8220;ramblejat&#8221; tot el mat\u00ed des de Canaletes\u00a0a\u00a0Colon, recollint informaci\u00f3 per fer el nostre dossier de grup. Hem entrevistat a turistes, hem fotografiat edificis hist\u00f2rics i singulars, ens hem deixat atrapar per les olors i els colors del mercat de la\u00a0boqueria, hem intentat fer d&#8217;est\u00e0tues\u00a0i \u00a0hem gaudit del casc antic de Barcelona&#8221;<\/p>\n<p>David Larrad, tutor de 3r d&#8217;ESO<\/p>\n<p>&nbsp;<\/p>\n<p>&nbsp;<\/p>\n<table style=\"background-color: #ffffff;\" border=\"1\" width=\"100%\" cellspacing=\"2\" cellpadding=\"3\">\n<tbody>\n<tr>\n<td><a href=\"http:\/\/insmonturiol.cat\/wp-content\/uploads\/2014\/03\/DSC01235.jpg\"><img loading=\"lazy\" decoding=\"async\" src=\"http:\/\/insmonturiol.cat\/wp-content\/uploads\/2014\/03\/DSC01235-300x225.jpg\" alt=\"DSC01235\" width=\"250\" height=\"200\" \/><\/a><\/td>\n<td><a href=\"http:\/\/insmonturiol.cat\/wp-content\/uploads\/2014\/03\/DSC01233.jpg\"><img loading=\"lazy\" decoding=\"async\" src=\"http:\/\/insmonturiol.cat\/wp-content\/uploads\/2014\/03\/DSC01233-300x225.jpg\" alt=\"DSC01233\" width=\"250\" height=\"200\" \/><\/a><\/td>\n<\/tr>\n<\/tbody>\n<\/table>\n<p>&nbsp;<\/p>\n<p><img loading=\"lazy\" decoding=\"async\" class=\"aligncenter size-medium wp-image-3634\" src=\"http:\/\/insmonturiol.cat\/wp-content\/uploads\/2014\/03\/DSC01225-300x225.jpg\" alt=\"DSC01225\" width=\"300\" height=\"225\" \/><\/p>\n","protected":false},"excerpt":{"rendered":"<p><a href=\"http:\/\/insmonturiol.cat\/wp-content\/uploads\/2014\/03\/DSC01235.jpg\"><br \/>\n<\/a> <a href=\"http:\/\/insmonturiol.cat\/wp-content\/uploads\/2014\/03\/DSC01233.jpg\"><br \/>\n<\/a>&#8220;L&#8217;alumnat de 3r\u00a0d&#8217;ESO\u00a0ja hem comen\u00e7at el nostre treball de s\u00edntesi. Hem &#8220;ramblejat&#8221; tot el mat\u00ed des de Canaletes\u00a0a\u00a0Colon, recollint informaci\u00f3 per fer el nostre dossier de grup. Hem entrevistat a turistes, hem fotografiat edificis hist\u00f2rics i singulars, ens hem deixat atrapar per&hellip;  <a href=\"https:\/\/agora.xtec.cat\/iesnarcismonturiol\/general\/treball-sintesi-3r-deso\/\" title=\"Read Treball s\u00edntesi 3r d&#8217;ESO\">Llegeix m\u00e9s\u00bb<\/a><\/p>\n","protected":false},"author":5,"featured_media":4697,"comment_status":"closed","ping_status":"closed","sticky":false,"template":"","format":"standard","meta":{"_bbp_topic_count":0,"_bbp_reply_count":0,"_bbp_total_topic_count":0,"_bbp_total_reply_count":0,"_bbp_voice_count":0,"_bbp_anonymous_reply_count":0,"_bbp_topic_count_hidden":0,"_bbp_reply_count_hidden":0,"_bbp_forum_subforum_count":0,"footnotes":""},"categories":[1],"tags":[293],"class_list":["post-3630","post","type-post","status-publish","format-standard","has-post-thumbnail","hentry","category-general","tag-treball-recerca"],"post_mailing_queue_ids":[],"_links":{"self":[{"href":"https:\/\/agora.xtec.cat\/iesnarcismonturiol\/wp-json\/wp\/v2\/posts\/3630","targetHints":{"allow":["GET"]}}],"collection":[{"href":"https:\/\/agora.xtec.cat\/iesnarcismonturiol\/wp-json\/wp\/v2\/posts"}],"about":[{"href":"https:\/\/agora.xtec.cat\/iesnarcismonturiol\/wp-json\/wp\/v2\/types\/post"}],"author":[{"embeddable":true,"href":"https:\/\/agora.xtec.cat\/iesnarcismonturiol\/wp-json\/wp\/v2\/users\/5"}],"replies":[{"embeddable":true,"href":"https:\/\/agora.xtec.cat\/iesnarcismonturiol\/wp-json\/wp\/v2\/comments?post=3630"}],"version-history":[{"count":0,"href":"https:\/\/agora.xtec.cat\/iesnarcismonturiol\/wp-json\/wp\/v2\/posts\/3630\/revisions"}],"wp:featuredmedia":[{"embeddable":true,"href":"https:\/\/agora.xtec.cat\/iesnarcismonturiol\/wp-json\/wp\/v2\/media\/4697"}],"wp:attachment":[{"href":"https:\/\/agora.xtec.cat\/iesnarcismonturiol\/wp-json\/wp\/v2\/media?parent=3630"}],"wp:term":[{"taxonomy":"category","embeddable":true,"href":"https:\/\/agora.xtec.cat\/iesnarcismonturiol\/wp-json\/wp\/v2\/categories?post=3630"},{"taxonomy":"post_tag","embeddable":true,"href":"https:\/\/agora.xtec.cat\/iesnarcismonturiol\/wp-json\/wp\/v2\/tags?post=3630"}],"curies":[{"name":"wp","href":"https:\/\/api.w.org\/{rel}","templated":true}]}}