{"id":3580,"date":"2014-02-20T13:39:30","date_gmt":"2014-02-20T13:39:30","guid":{"rendered":"http:\/\/insmonturiol.cat\/3r-deso-al-liceu-lopera-una-emocio"},"modified":"2014-02-20T13:39:30","modified_gmt":"2014-02-20T13:39:30","slug":"3r-deso-al-liceu-lopera-una-emocio","status":"publish","type":"post","link":"https:\/\/agora.xtec.cat\/iesnarcismonturiol\/general\/3r-deso-al-liceu-lopera-una-emocio\/","title":{"rendered":"3r d&#8217;ESO al Liceu. L&#8217;\u00d2pera una emoci\u00f3"},"content":{"rendered":"<div><a href=\"http:\/\/insmonturiol.cat\/wp-content\/uploads\/2014\/02\/liceu3.jpg\"><img loading=\"lazy\" decoding=\"async\" class=\"aligncenter size-medium wp-image-3603\" src=\"http:\/\/insmonturiol.cat\/wp-content\/uploads\/2014\/02\/liceu3-300x225.jpg\" alt=\"liceu3\" width=\"300\" height=\"225\" \/><\/a> <a href=\"http:\/\/insmonturiol.cat\/wp-content\/uploads\/2014\/02\/liceu1.jpg\"><br \/>\n<\/a> <a href=\"http:\/\/insmonturiol.cat\/wp-content\/uploads\/2014\/02\/liceu2.jpg\"><br \/>\n<\/a><\/div>\n<div><\/div>\n<p>Dimecres 19 de febrer, l&#8217;alumnat de 3r\u00a0d&#8217;ESO, acompanyat pels seus tutors i els professor d&#8217;Educaci\u00f3 F\u00edsica i M\u00fasica, va assistir a\u00a0<b><\/b>\u00a0una activitat al Gran Teatre del Liceu, &#8220;<b>L&#8217;\u00d2pera una emoci\u00f3&#8221;<\/b>, destinada a acostar l&#8217;\u00f2pera als adolescents.<\/p>\n<p>&nbsp;<\/p>\n<p>Durant una mitja hora,\u00a0aproximadament, varem poder fer una visita a la Platea i el Sal\u00f3 dels miralls. Per sort, el tel\u00f3 tallafocs del Liceu estava mig aixecat i mentre ens explicaven la hist\u00f2ria del Liceu varem poder veure els materials per construir els decorats de la propera \u00f2pera i comprovar com la veu dels treballadors que hi havia a sobre l&#8217;escenari, arribava molt n\u00edtida a tots els racons de la sala.<\/p>\n<p>&nbsp;<\/p>\n<p>Despr\u00e9s, al\u00a0Foyer, varem poder gaudir d&#8217;un documental, projectat sobre tres pantalles\u00a0simult\u00e0neament, que combinava entrevistes a cantants, treballadors i treballadores del Liceu i alumnes,\u00a0 amb fragments d&#8217;\u00f2peres com\u00a0<i>Turandot<\/i>\u00a0dePuccini,\u00a0<i>\u00a0Don\u00a0Giovanni<\/i>\u00a0de\u00a0Mozart\u00a0o\u00a0<i>La\u00a0Traviata<\/i>\u00a0de\u00a0Verdi.<\/p>\n<p>&nbsp;<\/p>\n<p>Isabel Ribera, professora de M\u00fasica<\/p>\n<div><\/div>\n<div><\/div>\n<table style=\"background-color: #ffffff;\" border=\"1\" width=\"100%\" cellspacing=\"3\" cellpadding=\"3\">\n<tbody>\n<tr>\n<td><a href=\"http:\/\/insmonturiol.cat\/wp-content\/uploads\/2014\/02\/liceu1.jpg\"><img loading=\"lazy\" decoding=\"async\" src=\"http:\/\/insmonturiol.cat\/wp-content\/uploads\/2014\/02\/liceu1-225x300.jpg\" alt=\"liceu1\" width=\"225\" height=\"300\" \/><\/a><\/td>\n<td><a href=\"http:\/\/insmonturiol.cat\/wp-content\/uploads\/2014\/02\/liceu2.jpg\"><img loading=\"lazy\" decoding=\"async\" src=\"http:\/\/insmonturiol.cat\/wp-content\/uploads\/2014\/02\/liceu2-300x225.jpg\" alt=\"liceu2\" width=\"300\" height=\"225\" \/><\/a><\/td>\n<\/tr>\n<\/tbody>\n<\/table>\n<p>&nbsp;<\/p>\n","protected":false},"excerpt":{"rendered":"<p><a href=\"http:\/\/insmonturiol.cat\/wp-content\/uploads\/2014\/02\/liceu3.jpg\"><\/a> <a href=\"http:\/\/insmonturiol.cat\/wp-content\/uploads\/2014\/02\/liceu1.jpg\"><br \/>\n<\/a> <a href=\"http:\/\/insmonturiol.cat\/wp-content\/uploads\/2014\/02\/liceu2.jpg\"><br \/>\n<\/a><\/p>\n<p>Dimecres 19 de febrer, l&#8217;alumnat de 3r\u00a0d&#8217;ESO, acompanyat pels seus tutors i els professor d&#8217;Educaci\u00f3 F\u00edsica i M\u00fasica, va assistir a\u00a0\u00a0una activitat al Gran Teatre del Liceu, &#8220;L&#8217;\u00d2pera una emoci\u00f3&#8221;, destinada a acostar l&#8217;\u00f2pera als adolescents.<br \/>\n&nbsp;<br \/>\nDurant una mitja hora,\u00a0aproximadament, varem&hellip;  <a href=\"https:\/\/agora.xtec.cat\/iesnarcismonturiol\/general\/3r-deso-al-liceu-lopera-una-emocio\/\" title=\"Read 3r d&#8217;ESO al Liceu. L&#8217;\u00d2pera una emoci\u00f3\">Llegeix m\u00e9s\u00bb<\/a><\/p>\n","protected":false},"author":5,"featured_media":4704,"comment_status":"closed","ping_status":"closed","sticky":false,"template":"","format":"standard","meta":{"_bbp_topic_count":0,"_bbp_reply_count":0,"_bbp_total_topic_count":0,"_bbp_total_reply_count":0,"_bbp_voice_count":0,"_bbp_anonymous_reply_count":0,"_bbp_topic_count_hidden":0,"_bbp_reply_count_hidden":0,"_bbp_forum_subforum_count":0,"footnotes":""},"categories":[128,1],"tags":[263],"class_list":["post-3580","post","type-post","status-publish","format-standard","has-post-thumbnail","hentry","category-expressio","category-general","tag-musica"],"post_mailing_queue_ids":[],"_links":{"self":[{"href":"https:\/\/agora.xtec.cat\/iesnarcismonturiol\/wp-json\/wp\/v2\/posts\/3580","targetHints":{"allow":["GET"]}}],"collection":[{"href":"https:\/\/agora.xtec.cat\/iesnarcismonturiol\/wp-json\/wp\/v2\/posts"}],"about":[{"href":"https:\/\/agora.xtec.cat\/iesnarcismonturiol\/wp-json\/wp\/v2\/types\/post"}],"author":[{"embeddable":true,"href":"https:\/\/agora.xtec.cat\/iesnarcismonturiol\/wp-json\/wp\/v2\/users\/5"}],"replies":[{"embeddable":true,"href":"https:\/\/agora.xtec.cat\/iesnarcismonturiol\/wp-json\/wp\/v2\/comments?post=3580"}],"version-history":[{"count":0,"href":"https:\/\/agora.xtec.cat\/iesnarcismonturiol\/wp-json\/wp\/v2\/posts\/3580\/revisions"}],"wp:featuredmedia":[{"embeddable":true,"href":"https:\/\/agora.xtec.cat\/iesnarcismonturiol\/wp-json\/wp\/v2\/media\/4704"}],"wp:attachment":[{"href":"https:\/\/agora.xtec.cat\/iesnarcismonturiol\/wp-json\/wp\/v2\/media?parent=3580"}],"wp:term":[{"taxonomy":"category","embeddable":true,"href":"https:\/\/agora.xtec.cat\/iesnarcismonturiol\/wp-json\/wp\/v2\/categories?post=3580"},{"taxonomy":"post_tag","embeddable":true,"href":"https:\/\/agora.xtec.cat\/iesnarcismonturiol\/wp-json\/wp\/v2\/tags?post=3580"}],"curies":[{"name":"wp","href":"https:\/\/api.w.org\/{rel}","templated":true}]}}