{"id":3568,"date":"2014-02-17T22:27:17","date_gmt":"2014-02-17T22:27:17","guid":{"rendered":"http:\/\/insmonturiol.cat\/esquiada-2014-el-monturiol-al-port-del-comte"},"modified":"2014-02-17T22:27:17","modified_gmt":"2014-02-17T22:27:17","slug":"esquiada-2014-el-monturiol-al-port-del-comte","status":"publish","type":"post","link":"https:\/\/agora.xtec.cat\/iesnarcismonturiol\/general\/esquiada-2014-el-monturiol-al-port-del-comte\/","title":{"rendered":"Esquiada 2014. El Monturiol al Port del Comte"},"content":{"rendered":"<p><a href=\"http:\/\/insmonturiol.cat\/wp-content\/uploads\/2014\/02\/diccionari-per-a-esquiadors-ociosos.jpg\"><br \/>\n<\/a><a href=\"http:\/\/insmonturiol.cat\/wp-content\/uploads\/2014\/02\/diccionari-per-a-esquiadors-ociosos.jpg\"><img loading=\"lazy\" decoding=\"async\" class=\"aligncenter size-medium wp-image-3590\" src=\"http:\/\/insmonturiol.cat\/wp-content\/uploads\/2014\/02\/diccionari-per-a-esquiadors-ociosos-225x300.jpg\" alt=\"diccionari per a esquiadors ociosos\" width=\"225\" height=\"300\" \/><\/a><\/p>\n<div dir=\"ltr\">\n<div>Tres dies a la neu es viuen molt intensament, passen volant. Es practica un esport, aprofitant des de que obren pistes i fins que tanquen els telecadires i telearrastres, per\u00f2 a la vegada s\u00f3n moments de con\u00e8ixer millor a l&#8217;alumnat i veure&#8217;ls des de un altre perspectiva. Les tardes, des de que tanquen pistes i fins l&#8217;hora de sopar s\u00f3n moment de relaxar-se, ja sigui o b\u00e9 anant a la piscina de l&#8217;alberg o b\u00e9 moments de juagar a cartes, a l&#8217;UNO o b\u00e9 simplement de xerrar.<\/div>\n<div><\/div>\n<div>A destacar les sessions de la tarda dedicades a par\u00f2dies del professorat a c\u00e0rrec principalment de les alumnes de 3r,<\/div>\n<p><a href=\"http:\/\/insmonturiol.cat\/wp-content\/uploads\/2014\/02\/P1000465.jpg\">\u00a0<\/a><\/p>\n<table style=\"background-color: #ffffff;\" border=\"1\" width=\"100%\" cellspacing=\"3\" cellpadding=\"3\">\n<tbody>\n<tr>\n<td><img loading=\"lazy\" decoding=\"async\" src=\"http:\/\/insmonturiol.cat\/wp-content\/uploads\/2014\/02\/20140213_152919-300x225.jpg\" alt=\"20140213_152919\" width=\"300\" height=\"225\" \/><\/td>\n<td><a href=\"http:\/\/insmonturiol.cat\/wp-content\/uploads\/2014\/02\/P1000465.jpg\"><img loading=\"lazy\" decoding=\"async\" src=\"http:\/\/insmonturiol.cat\/wp-content\/uploads\/2014\/02\/P1000465-300x225.jpg\" alt=\"P1000465\" width=\"275\" height=\"200\" \/><\/a><\/td>\n<\/tr>\n<\/tbody>\n<\/table>\n<p>I la cara d&#8217;alegria dels de 1r i 2n de la\u00a0ESO??? Aix\u00f2 \u00e9s impagable. Quina emoci\u00f3, quines ganes i quins somriures m\u00e9s sincers i agradables. Van quedar enamorats dels seus &#8220;profes&#8221;\u00a0d&#8217;esqu\u00ed. Hem venien a demanar si l&#8217;any vinent tindrien el mateix. I ell orgull\u00f3s de la seva feina estava meravellat del nostre alumnat. Un idil\u00b7li.<\/p>\n<\/div>\n<p><a href=\"http:\/\/insmonturiol.cat\/wp-content\/uploads\/2014\/02\/fotogrup2.jpg\"><img loading=\"lazy\" decoding=\"async\" class=\"aligncenter size-medium wp-image-3569\" src=\"http:\/\/insmonturiol.cat\/wp-content\/uploads\/2014\/02\/fotogrup2-300x225.jpg\" alt=\"fotogrup2\" width=\"300\" height=\"225\" \/><\/a><\/p>\n<p>&nbsp;<\/p>\n<p>Aida, Carina, Jordi, Ricard i David<\/p>\n<p align=\"center\">ESQUIADA<\/p>\n<p>&nbsp;<\/p>\n<p>El dia 14 de febrer els de primer i de segon d\u2019ESO vam anar d\u2019esquiada al Port del Compte. Els de tercer d\u2019ESO ja havien anat feia tres dies, i s\u2019hi van quedar a dormir, per\u00f2 van tornar el mateix dia que nosaltres. Vam estar tres hores en un autocar, i vam arribar all\u00e0 cap a les nou i mitja del mat\u00ed. Ens vam canviar la roba i tot seguit vam anar a per els esqu\u00eds i les botes ( tot pesava molt, i era molt dif\u00edcil de traslladar). Despr\u00e9s ens van dividir en dos grups: el primer era dels que ja havien esquiat alguna vegada ( quasi tots els de segon i algun de primer); i el segon dels que no havien esquiat cap vegada ( quasi tots els de primer i molts pocs de segon ). Jo com que no havia esquiat cap cop em van posar al segon grup. Des d\u2019all\u00e0 tamb\u00e9 ens van dividir en grups i vam anar amb monitors. Ens van ensenyar unes quantes coses b\u00e0siques per a esquiar: com posar-se i treure\u2019s \u00a0els esqu\u00eds, despla\u00e7ar-se, com aixecar-te del terra quan et queies i coses d\u2019aquest tipus. Despr\u00e9s ens van deixar pujar per a la cinta ( una mena de cinta que et transportava a la meitat de la pista). Hi vam pujar uns quants cops amb el monitor, encara que en el meu grup an\u00e0vem molt lents i tot i que els altres grups ja havien pujat al \u201ctelearrastre\u201d a nosaltres no ens van deixar perqu\u00e8 dues noies es van marejar, i a l\u2019anar enrederides en els exercicis ens ho van fer repetir tot des del principi. Tot seguit vam anar a dinar tots dos grups junts, i despr\u00e9s de mitja hora ( franja de tems recomanable per a descansar abans de tornar a esquiar) vam anar a les pistes un altre cop per\u00f2 sense els monitors. A l\u2019hora de marxar dos companys meus es van quedar atrapats al telef\u00e8ric, perqu\u00e8 se\u2019ls hi va parar i per aix\u00f2 vam tornar m\u00e9s tard de lo previst.<\/p>\n<p>M\u2019ho vaig passar molt b\u00e9, i crec que fer aquesta sortida es molt bo per a els alumnes d\u2019ESO, ja que t\u2019ensenyen coses noves i pots passar un dia molt divertit amb els teus companys i companyes.<\/p>\n<p>Merc\u00e8 L\u00f3pez Bernal<\/p>\n<p>1r B<\/p>\n","protected":false},"excerpt":{"rendered":"<p><a href=\"http:\/\/insmonturiol.cat\/wp-content\/uploads\/2014\/02\/diccionari-per-a-esquiadors-ociosos.jpg\"><br \/>\n<\/a><a href=\"http:\/\/insmonturiol.cat\/wp-content\/uploads\/2014\/02\/diccionari-per-a-esquiadors-ociosos.jpg\"><\/a><\/p>\n<p>Tres dies a la neu es viuen molt intensament, passen volant. Es practica un esport, aprofitant des de que obren pistes i fins que tanquen els telecadires i telearrastres, per\u00f2 a la vegada s\u00f3n moments de con\u00e8ixer millor a l&#8217;alumnat i veure&#8217;ls des&hellip;  <a href=\"https:\/\/agora.xtec.cat\/iesnarcismonturiol\/general\/esquiada-2014-el-monturiol-al-port-del-comte\/\" title=\"Read Esquiada 2014. El Monturiol al Port del Comte\">Llegeix m\u00e9s\u00bb<\/a><\/p>\n","protected":false},"author":5,"featured_media":4713,"comment_status":"closed","ping_status":"closed","sticky":false,"template":"","format":"standard","meta":{"_bbp_topic_count":0,"_bbp_reply_count":0,"_bbp_total_topic_count":0,"_bbp_total_reply_count":0,"_bbp_voice_count":0,"_bbp_anonymous_reply_count":0,"_bbp_topic_count_hidden":0,"_bbp_reply_count_hidden":0,"_bbp_forum_subforum_count":0,"footnotes":""},"categories":[1],"tags":[214,215],"class_list":["post-3568","post","type-post","status-publish","format-standard","has-post-thumbnail","hentry","category-general","tag-esports","tag-esqui"],"post_mailing_queue_ids":[],"_links":{"self":[{"href":"https:\/\/agora.xtec.cat\/iesnarcismonturiol\/wp-json\/wp\/v2\/posts\/3568","targetHints":{"allow":["GET"]}}],"collection":[{"href":"https:\/\/agora.xtec.cat\/iesnarcismonturiol\/wp-json\/wp\/v2\/posts"}],"about":[{"href":"https:\/\/agora.xtec.cat\/iesnarcismonturiol\/wp-json\/wp\/v2\/types\/post"}],"author":[{"embeddable":true,"href":"https:\/\/agora.xtec.cat\/iesnarcismonturiol\/wp-json\/wp\/v2\/users\/5"}],"replies":[{"embeddable":true,"href":"https:\/\/agora.xtec.cat\/iesnarcismonturiol\/wp-json\/wp\/v2\/comments?post=3568"}],"version-history":[{"count":0,"href":"https:\/\/agora.xtec.cat\/iesnarcismonturiol\/wp-json\/wp\/v2\/posts\/3568\/revisions"}],"wp:featuredmedia":[{"embeddable":true,"href":"https:\/\/agora.xtec.cat\/iesnarcismonturiol\/wp-json\/wp\/v2\/media\/4713"}],"wp:attachment":[{"href":"https:\/\/agora.xtec.cat\/iesnarcismonturiol\/wp-json\/wp\/v2\/media?parent=3568"}],"wp:term":[{"taxonomy":"category","embeddable":true,"href":"https:\/\/agora.xtec.cat\/iesnarcismonturiol\/wp-json\/wp\/v2\/categories?post=3568"},{"taxonomy":"post_tag","embeddable":true,"href":"https:\/\/agora.xtec.cat\/iesnarcismonturiol\/wp-json\/wp\/v2\/tags?post=3568"}],"curies":[{"name":"wp","href":"https:\/\/api.w.org\/{rel}","templated":true}]}}