{"id":350,"date":"2011-05-27T22:00:57","date_gmt":"2011-05-27T22:00:57","guid":{"rendered":"http:\/\/insmonturiol.cat\/el-lipdub-de-lorganica"},"modified":"2011-05-27T22:00:57","modified_gmt":"2011-05-27T22:00:57","slug":"el-lipdub-de-lorganica","status":"publish","type":"post","link":"https:\/\/agora.xtec.cat\/iesnarcismonturiol\/general\/el-lipdub-de-lorganica\/","title":{"rendered":"El lipdub de l&#8217;org\u00e0nica"},"content":{"rendered":"<p><em>Avui ha estat el gran dia del Fem Campanya per l&#8217;org\u00e0nica, la gravaci\u00f3 del lipdub! Els delegats i delegades verds han fet la lletra, la coral ha gravat la can\u00e7\u00f3 i l&#8217;alumnat de 1r, 2n i 3r d&#8217;ESO han participat en la gravaci\u00f3. El programa InfoK de TV3 ens ha visitat, <strong>mireu l&#8217;enlla\u00e7<\/strong>.<br \/>\n<\/em><\/p>\n<p><a href=\"http:\/\/www.tv3.cat\/3alacarta\/videos\/3549313\" target=\"_blank\" rel=\"noopener\"><img decoding=\"async\" class=\"aligncenter\" src=\"http:\/\/insmonturiol.cat\/wp-content\/uploads\/2011\/06\/infok.png\" alt=\"\" width=\"185\" \/><\/a><\/p>\n<p><a href=\"http:\/\/www.tv3.cat\/3alacarta\/videos\/3549313\" target=\"_blank\" rel=\"noopener\">lipdub per l&#8217;org\u00e0nica<\/a><\/p>\n<p><iframe loading=\"lazy\" src=\"http:\/\/www.ccma.cat\/video\/embed\/3549313\" width=\"500\" height=\"281\" frameborder=\"0\" scrolling=\"no\" allowfullscreen=\"allowfullscreen\"><\/iframe><\/p>\n<p>http:\/\/www.ccma.cat\/tv3\/alacarta\/programa\/3alacarta\/video\/3549313\/<\/p>\n","protected":false},"excerpt":{"rendered":"<p>Avui ha estat el gran dia del Fem Campanya per l&#8217;org\u00e0nica, la gravaci\u00f3 del lipdub! Els delegats i delegades verds han fet la lletra, la coral ha gravat la can\u00e7\u00f3 i l&#8217;alumnat de 1r, 2n i 3r d&#8217;ESO han participat en la gravaci\u00f3. El programa&hellip;  <a href=\"https:\/\/agora.xtec.cat\/iesnarcismonturiol\/general\/el-lipdub-de-lorganica\/\" title=\"Read El lipdub de l&#8217;org\u00e0nica\">Llegeix m\u00e9s\u00bb<\/a><\/p>\n","protected":false},"author":5,"featured_media":5740,"comment_status":"closed","ping_status":"closed","sticky":false,"template":"","format":"standard","meta":{"_bbp_topic_count":0,"_bbp_reply_count":0,"_bbp_total_topic_count":0,"_bbp_total_reply_count":0,"_bbp_voice_count":0,"_bbp_anonymous_reply_count":0,"_bbp_topic_count_hidden":0,"_bbp_reply_count_hidden":0,"_bbp_forum_subforum_count":0,"footnotes":""},"categories":[1],"tags":[147,244,304],"class_list":["post-350","post","type-post","status-publish","format-standard","has-post-thumbnail","hentry","category-general","tag-agenda-21","tag-lipdub","tag-sostenibilitat"],"post_mailing_queue_ids":[],"_links":{"self":[{"href":"https:\/\/agora.xtec.cat\/iesnarcismonturiol\/wp-json\/wp\/v2\/posts\/350","targetHints":{"allow":["GET"]}}],"collection":[{"href":"https:\/\/agora.xtec.cat\/iesnarcismonturiol\/wp-json\/wp\/v2\/posts"}],"about":[{"href":"https:\/\/agora.xtec.cat\/iesnarcismonturiol\/wp-json\/wp\/v2\/types\/post"}],"author":[{"embeddable":true,"href":"https:\/\/agora.xtec.cat\/iesnarcismonturiol\/wp-json\/wp\/v2\/users\/5"}],"replies":[{"embeddable":true,"href":"https:\/\/agora.xtec.cat\/iesnarcismonturiol\/wp-json\/wp\/v2\/comments?post=350"}],"version-history":[{"count":0,"href":"https:\/\/agora.xtec.cat\/iesnarcismonturiol\/wp-json\/wp\/v2\/posts\/350\/revisions"}],"wp:featuredmedia":[{"embeddable":true,"href":"https:\/\/agora.xtec.cat\/iesnarcismonturiol\/wp-json\/wp\/v2\/media\/5740"}],"wp:attachment":[{"href":"https:\/\/agora.xtec.cat\/iesnarcismonturiol\/wp-json\/wp\/v2\/media?parent=350"}],"wp:term":[{"taxonomy":"category","embeddable":true,"href":"https:\/\/agora.xtec.cat\/iesnarcismonturiol\/wp-json\/wp\/v2\/categories?post=350"},{"taxonomy":"post_tag","embeddable":true,"href":"https:\/\/agora.xtec.cat\/iesnarcismonturiol\/wp-json\/wp\/v2\/tags?post=350"}],"curies":[{"name":"wp","href":"https:\/\/api.w.org\/{rel}","templated":true}]}}