{"id":3443,"date":"2014-03-01T20:20:16","date_gmt":"2014-03-01T20:20:16","guid":{"rendered":"http:\/\/insmonturiol.cat\/curs-2014-2015-portes-obertes"},"modified":"2014-03-01T20:20:16","modified_gmt":"2014-03-01T20:20:16","slug":"curs-2014-2015-portes-obertes","status":"publish","type":"post","link":"https:\/\/agora.xtec.cat\/iesnarcismonturiol\/general\/curs-2014-2015-portes-obertes\/","title":{"rendered":"CURS 2014-2015: PORTES OBERTES"},"content":{"rendered":"<h1 style=\"text-align: center;\"><span style=\"text-decoration: underline;\"><span style=\"color: #ff6600; text-decoration: underline;\">PORTES OBERTES<\/span><\/span><\/h1>\n<p>&nbsp;<\/p>\n<p style=\"text-align: center;\">Dissabte 8 de mar\u00e7 a les 11 hores, Jornada de PORTES OBERTES per a l&#8217;ESO i el Batxillerat.<\/p>\n<p>&nbsp;<\/p>\n<p style=\"text-align: center;\">Dimecres 7 de maig a les 18 hores, Jornada de PORTES OBERTES espec\u00edfica per a Batxillerat.<\/p>\n<p>&nbsp;<\/p>\n<p>Podeu consultar la informaci\u00f3 sobre el proc\u00e9s de Preinscripci\u00f3 a la web del Departament d&#8217;Ensenyament a l&#8217;enlla\u00e7:<\/p>\n<p><a href=\"http:\/\/www20.gencat.cat\/portal\/site\/queestudiar\/menuitem.2f4f37c88e124629e85c7273b0c0e1a0\/?vgnextoid=33f783daa4ae1410VgnVCM2000009b0c1e0aRCRD&amp;vgnextchannel=33f783daa4ae1410VgnVCM2000009b0c1e0aRCRD&amp;vgnextfmt=default\">CALENDARI DE PREINSCRIPCI\u00d3 PER AL CURS 2014\/2015<\/a><\/p>\n","protected":false},"excerpt":{"rendered":"<p>PORTES OBERTES<br \/>\n&nbsp;<br \/>\nDissabte 8 de mar\u00e7 a les 11 hores, Jornada de PORTES OBERTES per a l&#8217;ESO i el Batxillerat.<br \/>\n&nbsp;<br \/>\nDimecres 7 de maig a les 18 hores, Jornada de PORTES OBERTES espec\u00edfica per a Batxillerat.<br \/>\n&nbsp;<br \/>\nPodeu consultar la informaci\u00f3 sobre el proc\u00e9s de Preinscripci\u00f3 a la web&hellip;  <a href=\"https:\/\/agora.xtec.cat\/iesnarcismonturiol\/general\/curs-2014-2015-portes-obertes\/\" title=\"Read CURS 2014-2015: PORTES OBERTES\">Llegeix m\u00e9s\u00bb<\/a><\/p>\n","protected":false},"author":5,"featured_media":4644,"comment_status":"closed","ping_status":"closed","sticky":false,"template":"","format":"standard","meta":{"_bbp_topic_count":0,"_bbp_reply_count":0,"_bbp_total_topic_count":0,"_bbp_total_reply_count":0,"_bbp_voice_count":0,"_bbp_anonymous_reply_count":0,"_bbp_topic_count_hidden":0,"_bbp_reply_count_hidden":0,"_bbp_forum_subforum_count":0,"footnotes":""},"categories":[1],"tags":[281],"class_list":["post-3443","post","type-post","status-publish","format-standard","has-post-thumbnail","hentry","category-general","tag-portes-obertes"],"post_mailing_queue_ids":[],"_links":{"self":[{"href":"https:\/\/agora.xtec.cat\/iesnarcismonturiol\/wp-json\/wp\/v2\/posts\/3443","targetHints":{"allow":["GET"]}}],"collection":[{"href":"https:\/\/agora.xtec.cat\/iesnarcismonturiol\/wp-json\/wp\/v2\/posts"}],"about":[{"href":"https:\/\/agora.xtec.cat\/iesnarcismonturiol\/wp-json\/wp\/v2\/types\/post"}],"author":[{"embeddable":true,"href":"https:\/\/agora.xtec.cat\/iesnarcismonturiol\/wp-json\/wp\/v2\/users\/5"}],"replies":[{"embeddable":true,"href":"https:\/\/agora.xtec.cat\/iesnarcismonturiol\/wp-json\/wp\/v2\/comments?post=3443"}],"version-history":[{"count":0,"href":"https:\/\/agora.xtec.cat\/iesnarcismonturiol\/wp-json\/wp\/v2\/posts\/3443\/revisions"}],"wp:featuredmedia":[{"embeddable":true,"href":"https:\/\/agora.xtec.cat\/iesnarcismonturiol\/wp-json\/wp\/v2\/media\/4644"}],"wp:attachment":[{"href":"https:\/\/agora.xtec.cat\/iesnarcismonturiol\/wp-json\/wp\/v2\/media?parent=3443"}],"wp:term":[{"taxonomy":"category","embeddable":true,"href":"https:\/\/agora.xtec.cat\/iesnarcismonturiol\/wp-json\/wp\/v2\/categories?post=3443"},{"taxonomy":"post_tag","embeddable":true,"href":"https:\/\/agora.xtec.cat\/iesnarcismonturiol\/wp-json\/wp\/v2\/tags?post=3443"}],"curies":[{"name":"wp","href":"https:\/\/api.w.org\/{rel}","templated":true}]}}