{"id":3426,"date":"2013-12-02T14:41:21","date_gmt":"2013-12-02T14:41:21","guid":{"rendered":"http:\/\/insmonturiol.cat\/ensayando-la-celestina-2n-batxillerat-al-sat-teatre"},"modified":"2013-12-02T14:41:21","modified_gmt":"2013-12-02T14:41:21","slug":"ensayando-la-celestina-2n-batxillerat-al-sat-teatre","status":"publish","type":"post","link":"https:\/\/agora.xtec.cat\/iesnarcismonturiol\/castella\/ensayando-la-celestina-2n-batxillerat-al-sat-teatre\/","title":{"rendered":"Ensayando La Celestina. 2n batxillerat al SAT Teatre."},"content":{"rendered":"<p>SORTIDA AL SAT TEATRE: <b><i>Ensayando La Celestina<\/i><\/b><\/p>\n<p>&nbsp;<\/p>\n<p>Seminari de LLengua i Literatura castellana<\/p>\n<p>&nbsp;<\/p>\n<p>&nbsp;<\/p>\n<p>El passat 27 de Novembre, tot l\u2019alumnat de 2\u00ba de Batxillerat va assistir a la posta en escena de l\u2019adaptaci\u00f3 d\u2019 aquesta gran obra per part de la companyia Teatre de Ponent.<\/p>\n<p>El repte no era f\u00e0cil don\u00e7 es tracta d\u2019una obra molt complexa i dificil de representar.<\/p>\n<p>Creiem que va agradar molt als alumnes i els hi va permetre fer una valoraci\u00f3 cr\u00edtica de com muntar una obra dificil amb una certa precarietat de mitjans, per\u00f3 mantenint l\u2019esencia.<\/p>\n<p>Felicitem don\u00e7 al Teatre de Ponent per aquesta adaptaci\u00f3 i el col.loqui posterior, que com altres anys, ajuda a entendre a l\u2019alumnat aquesta lectura per ells obligat\u00f3ria.<\/p>\n<p>&nbsp;<\/p>\n<p>&nbsp;<\/p>\n<p>Neus Serchs,Professora de Llengua castellana.<\/p>\n","protected":false},"excerpt":{"rendered":"<p>SORTIDA AL SAT TEATRE: Ensayando La Celestina<br \/>\n&nbsp;<br \/>\nSeminari de LLengua i Literatura castellana<br \/>\n&nbsp;<br \/>\n&nbsp;<br \/>\nEl passat 27 de Novembre, tot l\u2019alumnat de 2\u00ba de Batxillerat va assistir a la posta en escena de l\u2019adaptaci\u00f3 d\u2019 aquesta gran obra per part de la companyia Teatre de Ponent.<br \/>\nEl repte no&hellip;  <a href=\"https:\/\/agora.xtec.cat\/iesnarcismonturiol\/castella\/ensayando-la-celestina-2n-batxillerat-al-sat-teatre\/\" title=\"Read Ensayando La Celestina. 2n batxillerat al SAT Teatre.\">Llegeix m\u00e9s\u00bb<\/a><\/p>\n","protected":false},"author":5,"featured_media":4620,"comment_status":"closed","ping_status":"closed","sticky":false,"template":"","format":"standard","meta":{"_bbp_topic_count":0,"_bbp_reply_count":0,"_bbp_total_topic_count":0,"_bbp_total_reply_count":0,"_bbp_voice_count":0,"_bbp_anonymous_reply_count":0,"_bbp_topic_count_hidden":0,"_bbp_reply_count_hidden":0,"_bbp_forum_subforum_count":0,"footnotes":""},"categories":[120],"tags":[245,40],"class_list":["post-3426","post","type-post","status-publish","format-standard","has-post-thumbnail","hentry","category-castella","tag-literatura","tag-teatre"],"post_mailing_queue_ids":[],"_links":{"self":[{"href":"https:\/\/agora.xtec.cat\/iesnarcismonturiol\/wp-json\/wp\/v2\/posts\/3426","targetHints":{"allow":["GET"]}}],"collection":[{"href":"https:\/\/agora.xtec.cat\/iesnarcismonturiol\/wp-json\/wp\/v2\/posts"}],"about":[{"href":"https:\/\/agora.xtec.cat\/iesnarcismonturiol\/wp-json\/wp\/v2\/types\/post"}],"author":[{"embeddable":true,"href":"https:\/\/agora.xtec.cat\/iesnarcismonturiol\/wp-json\/wp\/v2\/users\/5"}],"replies":[{"embeddable":true,"href":"https:\/\/agora.xtec.cat\/iesnarcismonturiol\/wp-json\/wp\/v2\/comments?post=3426"}],"version-history":[{"count":0,"href":"https:\/\/agora.xtec.cat\/iesnarcismonturiol\/wp-json\/wp\/v2\/posts\/3426\/revisions"}],"wp:featuredmedia":[{"embeddable":true,"href":"https:\/\/agora.xtec.cat\/iesnarcismonturiol\/wp-json\/wp\/v2\/media\/4620"}],"wp:attachment":[{"href":"https:\/\/agora.xtec.cat\/iesnarcismonturiol\/wp-json\/wp\/v2\/media?parent=3426"}],"wp:term":[{"taxonomy":"category","embeddable":true,"href":"https:\/\/agora.xtec.cat\/iesnarcismonturiol\/wp-json\/wp\/v2\/categories?post=3426"},{"taxonomy":"post_tag","embeddable":true,"href":"https:\/\/agora.xtec.cat\/iesnarcismonturiol\/wp-json\/wp\/v2\/tags?post=3426"}],"curies":[{"name":"wp","href":"https:\/\/api.w.org\/{rel}","templated":true}]}}