{"id":3400,"date":"2013-12-17T12:28:16","date_gmt":"2013-12-17T12:28:16","guid":{"rendered":"http:\/\/insmonturiol.cat\/3r-deso-visc-convisc-participo"},"modified":"2013-12-17T12:28:16","modified_gmt":"2013-12-17T12:28:16","slug":"3r-deso-visc-convisc-participo","status":"publish","type":"post","link":"https:\/\/agora.xtec.cat\/iesnarcismonturiol\/general\/3r-deso-visc-convisc-participo\/","title":{"rendered":"3r d&#8217;ESO: &#8220;Visc, Convisc, Participo&#8221;"},"content":{"rendered":"<p><a href=\"http:\/\/insmonturiol.cat\/wp-content\/uploads\/2014\/01\/visc_convisc_participo.jpg\"><img loading=\"lazy\" decoding=\"async\" class=\"aligncenter size-full wp-image-3401\" src=\"http:\/\/insmonturiol.cat\/wp-content\/uploads\/2014\/01\/visc_convisc_participo.jpg\" alt=\"OR prop cartell\" width=\"300\" height=\"249\" \/><\/a><\/p>\n<p><span style=\"font-family: Arial; font-size: small;\">Un any m\u00e9s, a les classes de Ciutadania de 3r d\u2019ESO que imparteix la professora Isabel Ribera, l\u2019alumnat ha participat en el Projecte \u201cVisc, Convisc, Participo!\u201d que proposa el Consell de la Juventut de Barcelona. El projecte es desenvolupa durant tres sessions al mateix institut amb la pres\u00e8ncia de membres de les diverses entitats que formen el Consell de la Juventut, que plantegen les activitats de dinamitazi\u00f3. Es tracta de reflexionar sobre la conviv\u00e8ncia i la implicaci\u00f3 de tot l\u2019alumnat a la vida del centre i de la ciutat fent jocs i diverses activitats que promouen la participaci\u00f3 de tothom. La valoraci\u00f3 de l\u2019alumnat, en conjunt, \u00e9s molt positiva.<\/span><\/p>\n<p>visiteu la web: <a title=\"Visc, Convisc, Participo\" href=\"http:\/\/w110.bcn.cat\/portal\/site\/Civisme\/menuitem.e6d62c7c80c3715022054f5220348a0c\/?vgnextoid=0000000469342068VgnV6CONT00000000000RCRD&amp;vgnextfmt=formatDetall&amp;vgnextchannel=0000000010062992VgnV6CONT00000000200RCRD&amp;lang=ca_ES\" target=\"_blank\" rel=\"noopener\">VISC, CONVISC, PARTICIPO<\/a><\/p>\n<p>&nbsp;<\/p>\n","protected":false},"excerpt":{"rendered":"<p><a href=\"http:\/\/insmonturiol.cat\/wp-content\/uploads\/2014\/01\/visc_convisc_participo.jpg\"><\/a><br \/>\nUn any m\u00e9s, a les classes de Ciutadania de 3r d\u2019ESO que imparteix la professora Isabel Ribera, l\u2019alumnat ha participat en el Projecte \u201cVisc, Convisc, Participo!\u201d que proposa el Consell de la Juventut de Barcelona. El projecte es desenvolupa durant tres sessions al mateix&hellip;  <a href=\"https:\/\/agora.xtec.cat\/iesnarcismonturiol\/general\/3r-deso-visc-convisc-participo\/\" title=\"Read 3r d&#8217;ESO: &#8220;Visc, Convisc, Participo&#8221;\">Llegeix m\u00e9s\u00bb<\/a><\/p>\n","protected":false},"author":5,"featured_media":4724,"comment_status":"closed","ping_status":"closed","sticky":false,"template":"","format":"standard","meta":{"_bbp_topic_count":0,"_bbp_reply_count":0,"_bbp_total_topic_count":0,"_bbp_total_reply_count":0,"_bbp_voice_count":0,"_bbp_anonymous_reply_count":0,"_bbp_topic_count_hidden":0,"_bbp_reply_count_hidden":0,"_bbp_forum_subforum_count":0,"footnotes":""},"categories":[1],"tags":[303,318],"class_list":["post-3400","post","type-post","status-publish","format-standard","has-post-thumbnail","hentry","category-general","tag-solidaritat","tag-tutoria"],"post_mailing_queue_ids":[],"_links":{"self":[{"href":"https:\/\/agora.xtec.cat\/iesnarcismonturiol\/wp-json\/wp\/v2\/posts\/3400","targetHints":{"allow":["GET"]}}],"collection":[{"href":"https:\/\/agora.xtec.cat\/iesnarcismonturiol\/wp-json\/wp\/v2\/posts"}],"about":[{"href":"https:\/\/agora.xtec.cat\/iesnarcismonturiol\/wp-json\/wp\/v2\/types\/post"}],"author":[{"embeddable":true,"href":"https:\/\/agora.xtec.cat\/iesnarcismonturiol\/wp-json\/wp\/v2\/users\/5"}],"replies":[{"embeddable":true,"href":"https:\/\/agora.xtec.cat\/iesnarcismonturiol\/wp-json\/wp\/v2\/comments?post=3400"}],"version-history":[{"count":0,"href":"https:\/\/agora.xtec.cat\/iesnarcismonturiol\/wp-json\/wp\/v2\/posts\/3400\/revisions"}],"wp:featuredmedia":[{"embeddable":true,"href":"https:\/\/agora.xtec.cat\/iesnarcismonturiol\/wp-json\/wp\/v2\/media\/4724"}],"wp:attachment":[{"href":"https:\/\/agora.xtec.cat\/iesnarcismonturiol\/wp-json\/wp\/v2\/media?parent=3400"}],"wp:term":[{"taxonomy":"category","embeddable":true,"href":"https:\/\/agora.xtec.cat\/iesnarcismonturiol\/wp-json\/wp\/v2\/categories?post=3400"},{"taxonomy":"post_tag","embeddable":true,"href":"https:\/\/agora.xtec.cat\/iesnarcismonturiol\/wp-json\/wp\/v2\/tags?post=3400"}],"curies":[{"name":"wp","href":"https:\/\/api.w.org\/{rel}","templated":true}]}}