{"id":3372,"date":"2013-12-16T17:14:53","date_gmt":"2013-12-16T17:14:53","guid":{"rendered":"http:\/\/insmonturiol.cat\/3r-deso-practiques-danatomia"},"modified":"2013-12-16T17:14:53","modified_gmt":"2013-12-16T17:14:53","slug":"3r-deso-practiques-danatomia","status":"publish","type":"post","link":"https:\/\/agora.xtec.cat\/iesnarcismonturiol\/general\/3r-deso-practiques-danatomia\/","title":{"rendered":"3r d&#8217;ESO Pr\u00e0ctiques d&#8217;Anatomia"},"content":{"rendered":"<p>L&#8217;alumnat de 3r d&#8217;ESO ha realitzat les Pr\u00e0ctiques d&#8217;Anatomia de la mat\u00e8ria de Biologia. Us convidem a visitar el bloc \u00a0de la web del Departament de Biologia i Geologia, F\u00edsica i Qu\u00edmica a l&#8217;enlla\u00e7:<\/p>\n<p>&nbsp;<\/p>\n<p><a href=\"http:\/\/insmonturiol.cat\/dep_naturals\/\">http:\/\/insmonturiol.cat\/dep_naturals\/<\/a><\/p>\n<p>&nbsp;<\/p>\n<p>on trobareu el treball de l&#8217;Andrea Montoya i l&#8217;Anna Carrillo de 3r d&#8217;ESO.<\/p>\n","protected":false},"excerpt":{"rendered":"<p>L&#8217;alumnat de 3r d&#8217;ESO ha realitzat les Pr\u00e0ctiques d&#8217;Anatomia de la mat\u00e8ria de Biologia. Us convidem a visitar el bloc \u00a0de la web del Departament de Biologia i Geologia, F\u00edsica i Qu\u00edmica a l&#8217;enlla\u00e7:<br \/>\n&nbsp;<br \/>\n<a href=\"http:\/\/insmonturiol.cat\/dep_naturals\/\">http:\/\/insmonturiol.cat\/dep_naturals\/<\/a><br \/>\n&nbsp;<br \/>\non trobareu el treball de l&#8217;Andrea Montoya i l&#8217;Anna Carrillo de&hellip;  <a href=\"https:\/\/agora.xtec.cat\/iesnarcismonturiol\/general\/3r-deso-practiques-danatomia\/\" title=\"Read 3r d&#8217;ESO Pr\u00e0ctiques d&#8217;Anatomia\">Llegeix m\u00e9s\u00bb<\/a><\/p>\n","protected":false},"author":5,"featured_media":5509,"comment_status":"closed","ping_status":"closed","sticky":false,"template":"","format":"standard","meta":{"_bbp_topic_count":0,"_bbp_reply_count":0,"_bbp_total_topic_count":0,"_bbp_total_reply_count":0,"_bbp_voice_count":0,"_bbp_anonymous_reply_count":0,"_bbp_topic_count_hidden":0,"_bbp_reply_count_hidden":0,"_bbp_forum_subforum_count":0,"footnotes":""},"categories":[122,1],"tags":[151],"class_list":["post-3372","post","type-post","status-publish","format-standard","has-post-thumbnail","hentry","category-ciencies-naturals","category-general","tag-anatomia"],"post_mailing_queue_ids":[],"_links":{"self":[{"href":"https:\/\/agora.xtec.cat\/iesnarcismonturiol\/wp-json\/wp\/v2\/posts\/3372","targetHints":{"allow":["GET"]}}],"collection":[{"href":"https:\/\/agora.xtec.cat\/iesnarcismonturiol\/wp-json\/wp\/v2\/posts"}],"about":[{"href":"https:\/\/agora.xtec.cat\/iesnarcismonturiol\/wp-json\/wp\/v2\/types\/post"}],"author":[{"embeddable":true,"href":"https:\/\/agora.xtec.cat\/iesnarcismonturiol\/wp-json\/wp\/v2\/users\/5"}],"replies":[{"embeddable":true,"href":"https:\/\/agora.xtec.cat\/iesnarcismonturiol\/wp-json\/wp\/v2\/comments?post=3372"}],"version-history":[{"count":0,"href":"https:\/\/agora.xtec.cat\/iesnarcismonturiol\/wp-json\/wp\/v2\/posts\/3372\/revisions"}],"wp:featuredmedia":[{"embeddable":true,"href":"https:\/\/agora.xtec.cat\/iesnarcismonturiol\/wp-json\/wp\/v2\/media\/5509"}],"wp:attachment":[{"href":"https:\/\/agora.xtec.cat\/iesnarcismonturiol\/wp-json\/wp\/v2\/media?parent=3372"}],"wp:term":[{"taxonomy":"category","embeddable":true,"href":"https:\/\/agora.xtec.cat\/iesnarcismonturiol\/wp-json\/wp\/v2\/categories?post=3372"},{"taxonomy":"post_tag","embeddable":true,"href":"https:\/\/agora.xtec.cat\/iesnarcismonturiol\/wp-json\/wp\/v2\/tags?post=3372"}],"curies":[{"name":"wp","href":"https:\/\/api.w.org\/{rel}","templated":true}]}}