{"id":3280,"date":"2013-10-25T16:03:53","date_gmt":"2013-10-25T16:03:53","guid":{"rendered":"http:\/\/insmonturiol.cat\/4t-deso-de-marxa-fent-esport"},"modified":"2013-10-25T16:03:53","modified_gmt":"2013-10-25T16:03:53","slug":"4t-deso-de-marxa-fent-esport","status":"publish","type":"post","link":"https:\/\/agora.xtec.cat\/iesnarcismonturiol\/expressio\/4t-deso-de-marxa-fent-esport\/","title":{"rendered":"4t d&#8217;ESO de Marxa fent esport"},"content":{"rendered":"<div>\n<p>Els dies 21 i 23 d&#8217;octubre l&#8217;alumnat de 4t d&#8217;ESO ha participat en l&#8217;activitat &#8220;De marxa fent esport&#8221;.<\/p>\n<p>&nbsp;<\/p>\n<p>L&#8217;activitat de marxa fent esport \u00e9s una activitat que va dirigida a alumnes de 16 a 18 anys per promocionar l&#8217;oci saludable divertint-se fent esport.<\/p>\n<p>Es visita un centre de Fitness municipal en el qual un monitor els hi ensenya les instal\u00b7lacions i realitzen unes activitats dirigides adients per la seva edat.<\/p>\n<\/div>\n<p>Es tracta d&#8217;una activitat per animar als joves que s&#8217;apuntin a algun dels centres esportius municipals, per realitzar activitats dirigides dos dies a la setmana per un preu redu\u00eft i subvencionat per l&#8217;Ag\u00e8ncia de la Salut P\u00fablica (9\u20ac al mes). Durant els caps de setmana i el per\u00edode de vacances escolars poden gaudir de les d&#8217;instal\u00b7lacions.<\/p>\n<p>&nbsp;<\/p>\n<p>Carmen Castro, professora d&#8217;Educaci\u00f3 F\u00edsica<\/p>\n<table style=\"background-color: #ffffff;\" width=\"100%\" border=\"1\" cellspacing=\"3\" cellpadding=\"3\">\n<tbody>\n<tr>\n<td><a href=\"http:\/\/insmonturiol.cat\/wp-content\/uploads\/2013\/12\/foto_1300.jpg\"><img loading=\"lazy\" decoding=\"async\" class=\"aligncenter  wp-image-3347\" alt=\"foto_1300\" src=\"http:\/\/insmonturiol.cat\/wp-content\/uploads\/2013\/12\/foto_1300-300x258.jpg\" width=\"270\" height=\"232\" \/><\/a><\/td>\n<td><a href=\"http:\/\/insmonturiol.cat\/wp-content\/uploads\/2013\/12\/20131023_115708.jpg\"><img loading=\"lazy\" decoding=\"async\" alt=\"20131023_115708\" src=\"http:\/\/insmonturiol.cat\/wp-content\/uploads\/2013\/12\/20131023_115708-300x225.jpg\" width=\"270\" height=\"203\" \/><\/a><\/td>\n<\/tr>\n<\/tbody>\n<\/table>\n","protected":false},"excerpt":{"rendered":"<p>Els dies 21 i 23 d&#8217;octubre l&#8217;alumnat de 4t d&#8217;ESO ha participat en l&#8217;activitat &#8220;De marxa fent esport&#8221;.<br \/>\n&nbsp;<br \/>\nL&#8217;activitat de marxa fent esport \u00e9s una activitat que va dirigida a alumnes de 16 a 18 anys per promocionar l&#8217;oci saludable divertint-se fent esport.<br \/>\nEs visita un centre&hellip;  <a href=\"https:\/\/agora.xtec.cat\/iesnarcismonturiol\/expressio\/4t-deso-de-marxa-fent-esport\/\" title=\"Read 4t d&#8217;ESO de Marxa fent esport\">Llegeix m\u00e9s\u00bb<\/a><\/p>\n","protected":false},"author":5,"featured_media":0,"comment_status":"closed","ping_status":"closed","sticky":false,"template":"","format":"standard","meta":{"_bbp_topic_count":0,"_bbp_reply_count":0,"_bbp_total_topic_count":0,"_bbp_total_reply_count":0,"_bbp_voice_count":0,"_bbp_anonymous_reply_count":0,"_bbp_topic_count_hidden":0,"_bbp_reply_count_hidden":0,"_bbp_forum_subforum_count":0,"footnotes":""},"categories":[128],"tags":[214,318],"class_list":["post-3280","post","type-post","status-publish","format-standard","hentry","category-expressio","tag-esports","tag-tutoria"],"post_mailing_queue_ids":[],"_links":{"self":[{"href":"https:\/\/agora.xtec.cat\/iesnarcismonturiol\/wp-json\/wp\/v2\/posts\/3280","targetHints":{"allow":["GET"]}}],"collection":[{"href":"https:\/\/agora.xtec.cat\/iesnarcismonturiol\/wp-json\/wp\/v2\/posts"}],"about":[{"href":"https:\/\/agora.xtec.cat\/iesnarcismonturiol\/wp-json\/wp\/v2\/types\/post"}],"author":[{"embeddable":true,"href":"https:\/\/agora.xtec.cat\/iesnarcismonturiol\/wp-json\/wp\/v2\/users\/5"}],"replies":[{"embeddable":true,"href":"https:\/\/agora.xtec.cat\/iesnarcismonturiol\/wp-json\/wp\/v2\/comments?post=3280"}],"version-history":[{"count":0,"href":"https:\/\/agora.xtec.cat\/iesnarcismonturiol\/wp-json\/wp\/v2\/posts\/3280\/revisions"}],"wp:attachment":[{"href":"https:\/\/agora.xtec.cat\/iesnarcismonturiol\/wp-json\/wp\/v2\/media?parent=3280"}],"wp:term":[{"taxonomy":"category","embeddable":true,"href":"https:\/\/agora.xtec.cat\/iesnarcismonturiol\/wp-json\/wp\/v2\/categories?post=3280"},{"taxonomy":"post_tag","embeddable":true,"href":"https:\/\/agora.xtec.cat\/iesnarcismonturiol\/wp-json\/wp\/v2\/tags?post=3280"}],"curies":[{"name":"wp","href":"https:\/\/api.w.org\/{rel}","templated":true}]}}