{"id":3140,"date":"2013-10-22T21:14:42","date_gmt":"2013-10-22T21:14:42","guid":{"rendered":"http:\/\/insmonturiol.cat\/festival-de-dubrovnik-el-sol-sempre-torna"},"modified":"2013-10-22T21:14:42","modified_gmt":"2013-10-22T21:14:42","slug":"festival-de-dubrovnik-el-sol-sempre-torna","status":"publish","type":"post","link":"https:\/\/agora.xtec.cat\/iesnarcismonturiol\/general\/festival-de-dubrovnik-el-sol-sempre-torna\/","title":{"rendered":"Festival de Dubrovnik &#8220;El sol sempre torna&#8221;"},"content":{"rendered":"<div>\n<p>L&#8217;experi\u00e8ncia cinematogr\u00e0fica al Festival de Dubrovnik va anar molt b\u00e9 tot: el grup d&#8217;alumnes era perfecte -6 noies i un noi- i la conviv\u00e8ncia amb ells va ser molt maca.<\/p>\n<p>&nbsp;<\/p>\n<p>Varem tenir temps de passejar per la ciutat i de veure molt cine (bo i no tant bo) i de recrear tot el que hav\u00edem apr\u00e9s durant el curs passat amb el Pep Garrido.<\/p>\n<p>&nbsp;<\/p>\n<p>Els organitzadors del festival ens van facilitar molt la feina i la vida a la ciutat (hotel, autob\u00fas, entrades per la muralla, tiquets de restaurants&#8230;.) vam poder gaudir del cinema i d&#8217;aquesta preciosa ciutat.<\/p>\n<p>&nbsp;<\/p>\n<p>Isabel Ribera, professora de M\u00fasica i responsable del Projecte Cinema en Curs<\/p>\n<div><\/div>\n<div><\/div>\n<\/div>\n<table class=\"tftable\" border=\"1\">\n<tbody>\n<tr>\n<th><a href=\"http:\/\/insmonturiol.cat\/wp-content\/uploads\/2013\/11\/IMG_4670.jpg\"><img loading=\"lazy\" decoding=\"async\" class=\"aligncenter wp-image-3145\" src=\"http:\/\/insmonturiol.cat\/wp-content\/uploads\/2013\/11\/IMG_4670-300x168.jpg\" alt=\"IMG_4670\" width=\"270\" height=\"151\" \/><\/a><\/th>\n<th><a href=\"http:\/\/insmonturiol.cat\/wp-content\/uploads\/2013\/11\/IMG_1797.jpg\"><img loading=\"lazy\" decoding=\"async\" class=\"aligncenter wp-image-3143\" src=\"http:\/\/insmonturiol.cat\/wp-content\/uploads\/2013\/11\/IMG_1797-300x200.jpg\" alt=\"IMG_1797\" width=\"270\" height=\"180\" \/><\/a><a href=\"http:\/\/insmonturiol.cat\/wp-content\/uploads\/2013\/11\/IMG_1797.jpg\"><br \/>\n<\/a><\/th>\n<\/tr>\n<tr>\n<td><a href=\"http:\/\/insmonturiol.cat\/wp-content\/uploads\/2013\/11\/IMG_1220.jpg\"><img loading=\"lazy\" decoding=\"async\" src=\"http:\/\/insmonturiol.cat\/wp-content\/uploads\/2013\/11\/IMG_1220-300x200.jpg\" alt=\"IMG_1220\" width=\"270\" height=\"180\" \/><\/a><\/td>\n<td><a href=\"http:\/\/insmonturiol.cat\/wp-content\/uploads\/2013\/11\/IMG_4638.jpg\"><img loading=\"lazy\" decoding=\"async\" class=\"aligncenter wp-image-3144\" src=\"http:\/\/insmonturiol.cat\/wp-content\/uploads\/2013\/11\/IMG_4638-300x225.jpg\" alt=\"IMG_4638\" width=\"270\" height=\"203\" \/><\/a><\/td>\n<\/tr>\n<\/tbody>\n<\/table>\n<p><small><a href=\"http:\/\/www.textfixer.com\/html\/html-table-generator.php\" target=\"_blank\" rel=\"noopener\">\u00a0<\/a><\/small><\/p>\n<p>&nbsp;<\/p>\n","protected":false},"excerpt":{"rendered":"<p>L&#8217;experi\u00e8ncia cinematogr\u00e0fica al Festival de Dubrovnik va anar molt b\u00e9 tot: el grup d&#8217;alumnes era perfecte -6 noies i un noi- i la conviv\u00e8ncia amb ells va ser molt maca.<br \/>\n&nbsp;<br \/>\nVarem tenir temps de passejar per la ciutat i de veure molt cine (bo i no&hellip;  <a href=\"https:\/\/agora.xtec.cat\/iesnarcismonturiol\/general\/festival-de-dubrovnik-el-sol-sempre-torna\/\" title=\"Read Festival de Dubrovnik &#8220;El sol sempre torna&#8221;\">Llegeix m\u00e9s\u00bb<\/a><\/p>\n","protected":false},"author":5,"featured_media":6161,"comment_status":"closed","ping_status":"closed","sticky":false,"template":"","format":"standard","meta":{"_bbp_topic_count":0,"_bbp_reply_count":0,"_bbp_total_topic_count":0,"_bbp_total_reply_count":0,"_bbp_voice_count":0,"_bbp_anonymous_reply_count":0,"_bbp_topic_count_hidden":0,"_bbp_reply_count_hidden":0,"_bbp_forum_subforum_count":0,"footnotes":""},"categories":[128,1],"tags":[179],"class_list":["post-3140","post","type-post","status-publish","format-standard","has-post-thumbnail","hentry","category-expressio","category-general","tag-cinema-en-curs"],"post_mailing_queue_ids":[],"_links":{"self":[{"href":"https:\/\/agora.xtec.cat\/iesnarcismonturiol\/wp-json\/wp\/v2\/posts\/3140","targetHints":{"allow":["GET"]}}],"collection":[{"href":"https:\/\/agora.xtec.cat\/iesnarcismonturiol\/wp-json\/wp\/v2\/posts"}],"about":[{"href":"https:\/\/agora.xtec.cat\/iesnarcismonturiol\/wp-json\/wp\/v2\/types\/post"}],"author":[{"embeddable":true,"href":"https:\/\/agora.xtec.cat\/iesnarcismonturiol\/wp-json\/wp\/v2\/users\/5"}],"replies":[{"embeddable":true,"href":"https:\/\/agora.xtec.cat\/iesnarcismonturiol\/wp-json\/wp\/v2\/comments?post=3140"}],"version-history":[{"count":0,"href":"https:\/\/agora.xtec.cat\/iesnarcismonturiol\/wp-json\/wp\/v2\/posts\/3140\/revisions"}],"wp:featuredmedia":[{"embeddable":true,"href":"https:\/\/agora.xtec.cat\/iesnarcismonturiol\/wp-json\/wp\/v2\/media\/6161"}],"wp:attachment":[{"href":"https:\/\/agora.xtec.cat\/iesnarcismonturiol\/wp-json\/wp\/v2\/media?parent=3140"}],"wp:term":[{"taxonomy":"category","embeddable":true,"href":"https:\/\/agora.xtec.cat\/iesnarcismonturiol\/wp-json\/wp\/v2\/categories?post=3140"},{"taxonomy":"post_tag","embeddable":true,"href":"https:\/\/agora.xtec.cat\/iesnarcismonturiol\/wp-json\/wp\/v2\/tags?post=3140"}],"curies":[{"name":"wp","href":"https:\/\/api.w.org\/{rel}","templated":true}]}}