{"id":3122,"date":"2013-11-16T20:48:11","date_gmt":"2013-11-16T20:48:11","guid":{"rendered":"http:\/\/insmonturiol.cat\/4t-deso-al-macba-exposicio-art-dos-punts"},"modified":"2013-11-16T20:48:11","modified_gmt":"2013-11-16T20:48:11","slug":"4t-deso-al-macba-exposicio-art-dos-punts","status":"publish","type":"post","link":"https:\/\/agora.xtec.cat\/iesnarcismonturiol\/expressio\/4t-deso-al-macba-exposicio-art-dos-punts\/","title":{"rendered":"4t d&#8217;ESO al MACBA, exposici\u00f3 &#8220;Art, dos punts&#8221;"},"content":{"rendered":"<p><a href=\"http:\/\/insmonturiol.cat\/wp-content\/uploads\/2013\/11\/MACBA2013.jpg\"><br \/>\n<\/a>&#8220;L&#8217;alumnat de la mat\u00e8ria de Dibuix de 4rt\u00a0d&#8217;ESO\u00a0hem visitat l&#8217;exposici\u00f3 &#8220;Art, dos punts&#8221; del\u00a0MACBA. Ens hem deixat sorprendre per la varietat de propostes est\u00e8tiques i hem descobert els diversos materials, formats i t\u00e8cniques utilitzades. Ara, amb m\u00e9s calma, esbrinarem la feina dels artistes que m\u00e9s ens han agradat&#8221;<\/p>\n<p>David Larrad, professor de Dibuix.<\/p>\n<div><\/div>\n<div>\u00a0<a href=\"http:\/\/insmonturiol.cat\/wp-content\/uploads\/2013\/11\/MACBA2013.jpg\"><img loading=\"lazy\" decoding=\"async\" class=\"alignright\" src=\"http:\/\/insmonturiol.cat\/wp-content\/uploads\/2013\/11\/MACBA2013-300x244.jpg\" alt=\"Art, dos punts MACBA\" width=\"300\" height=\"244\" \/><\/a><\/div>\n<p><a href=\"http:\/\/www.macba.cat\/ca\/expo-art-dos-punts\">http:\/\/www.macba.cat\/ca\/expo-art-dos-punts<\/a><\/p>\n<p><a href=\"http:\/\/insmonturiol.cat\/wp-content\/uploads\/2013\/11\/Logo_Macba_recortado.jpg\">\u00a0<\/a><a href=\"http:\/\/insmonturiol.cat\/wp-content\/uploads\/2013\/11\/Logo_Macba_recortado.jpg\"><img loading=\"lazy\" decoding=\"async\" src=\"http:\/\/insmonturiol.cat\/wp-content\/uploads\/2013\/11\/Logo_Macba_recortado-300x108.jpg\" alt=\"Logo_Macba\" width=\"300\" height=\"108\" \/><\/a><\/p>\n","protected":false},"excerpt":{"rendered":"<p><a href=\"http:\/\/insmonturiol.cat\/wp-content\/uploads\/2013\/11\/MACBA2013.jpg\"><br \/>\n<\/a>&#8220;L&#8217;alumnat de la mat\u00e8ria de Dibuix de 4rt\u00a0d&#8217;ESO\u00a0hem visitat l&#8217;exposici\u00f3 &#8220;Art, dos punts&#8221; del\u00a0MACBA. Ens hem deixat sorprendre per la varietat de propostes est\u00e8tiques i hem descobert els diversos materials, formats i t\u00e8cniques utilitzades. Ara, amb m\u00e9s calma, esbrinarem la feina dels artistes que&hellip;  <a href=\"https:\/\/agora.xtec.cat\/iesnarcismonturiol\/expressio\/4t-deso-al-macba-exposicio-art-dos-punts\/\" title=\"Read 4t d&#8217;ESO al MACBA, exposici\u00f3 &#8220;Art, dos punts&#8221;\">Llegeix m\u00e9s\u00bb<\/a><\/p>\n","protected":false},"author":5,"featured_media":4622,"comment_status":"closed","ping_status":"closed","sticky":false,"template":"","format":"standard","meta":{"_bbp_topic_count":0,"_bbp_reply_count":0,"_bbp_total_topic_count":0,"_bbp_total_reply_count":0,"_bbp_voice_count":0,"_bbp_anonymous_reply_count":0,"_bbp_topic_count_hidden":0,"_bbp_reply_count_hidden":0,"_bbp_forum_subforum_count":0,"footnotes":""},"categories":[128],"tags":[196],"class_list":["post-3122","post","type-post","status-publish","format-standard","has-post-thumbnail","hentry","category-expressio","tag-dibuix"],"post_mailing_queue_ids":[],"_links":{"self":[{"href":"https:\/\/agora.xtec.cat\/iesnarcismonturiol\/wp-json\/wp\/v2\/posts\/3122","targetHints":{"allow":["GET"]}}],"collection":[{"href":"https:\/\/agora.xtec.cat\/iesnarcismonturiol\/wp-json\/wp\/v2\/posts"}],"about":[{"href":"https:\/\/agora.xtec.cat\/iesnarcismonturiol\/wp-json\/wp\/v2\/types\/post"}],"author":[{"embeddable":true,"href":"https:\/\/agora.xtec.cat\/iesnarcismonturiol\/wp-json\/wp\/v2\/users\/5"}],"replies":[{"embeddable":true,"href":"https:\/\/agora.xtec.cat\/iesnarcismonturiol\/wp-json\/wp\/v2\/comments?post=3122"}],"version-history":[{"count":0,"href":"https:\/\/agora.xtec.cat\/iesnarcismonturiol\/wp-json\/wp\/v2\/posts\/3122\/revisions"}],"wp:featuredmedia":[{"embeddable":true,"href":"https:\/\/agora.xtec.cat\/iesnarcismonturiol\/wp-json\/wp\/v2\/media\/4622"}],"wp:attachment":[{"href":"https:\/\/agora.xtec.cat\/iesnarcismonturiol\/wp-json\/wp\/v2\/media?parent=3122"}],"wp:term":[{"taxonomy":"category","embeddable":true,"href":"https:\/\/agora.xtec.cat\/iesnarcismonturiol\/wp-json\/wp\/v2\/categories?post=3122"},{"taxonomy":"post_tag","embeddable":true,"href":"https:\/\/agora.xtec.cat\/iesnarcismonturiol\/wp-json\/wp\/v2\/tags?post=3122"}],"curies":[{"name":"wp","href":"https:\/\/api.w.org\/{rel}","templated":true}]}}