{"id":3020,"date":"2013-10-08T13:23:05","date_gmt":"2013-10-08T13:23:05","guid":{"rendered":"http:\/\/insmonturiol.cat\/sortida-vela-1r-batxillerat"},"modified":"2013-10-08T13:23:05","modified_gmt":"2013-10-08T13:23:05","slug":"sortida-vela-1r-batxillerat","status":"publish","type":"post","link":"https:\/\/agora.xtec.cat\/iesnarcismonturiol\/general\/sortida-vela-1r-batxillerat\/","title":{"rendered":"sortida vela 1r batxillerat"},"content":{"rendered":"<p>SORTIDA DE VELA A 1r BATXILLERAT<\/p>\n<p>El passat 3 d\u2019octubre de 2013 els alumnes de 1r de Batxillerat van fer una sortida de vela a\u00a0la Base N\u00e0utica de la Mar Bella de Barcelona.<\/p>\n<p>Les activitats realitzades pels alumnes van ser:<\/p>\n<p>\u2022 Un primer grup: sortida amb catamar\u00e0.<\/p>\n<p>\u2022 Un segon grup: caiac.<\/p>\n<p>\u2022 Un tercer grup: volei platja.<\/p>\n<p>Tots els grups es van intercambiar les activitats, aix\u00ed van poder fer totes les activitats. Durant\u00a0l\u2019intercanvi d\u2019activitats m\u00e9s d\u2019un\/a alumne\/a va gaudir d\u2019un bany a la platja.<\/p>\n<p>Va fer un \u201cbon\u201d dia per a la navegaci\u00f3, ja que va bufar el vent tot el mat\u00ed (aquest any m\u00e9s\u00a0fort que l\u2019anterior). \u00a0El que no ens va acompanyar va ser el sol , per\u00f2 s\u00ed que ens va acompanyar en\u00a0tot moment van ser les ganes dels alumnes a realitzar i gaudir de l\u2019activitat.<\/p>\n<p>Jordi Albiol, professor d&#8217;Educaci\u00f3 F\u00edsica<\/p>\n<p>&nbsp;<\/p>\n<table style=\"background-color: #ffffff;\" border=\"1\" width=\"100%\" cellspacing=\"2\" cellpadding=\"3\">\n<tbody>\n<tr>\n<td><a href=\"http:\/\/insmonturiol.cat\/wp-content\/uploads\/2013\/11\/IMG_2763.jpg\"><img loading=\"lazy\" decoding=\"async\" src=\"http:\/\/insmonturiol.cat\/wp-content\/uploads\/2013\/11\/IMG_2763-300x200.jpg\" alt=\"IMG_2763\" width=\"270\" height=\"180\" \/><\/a><\/td>\n<td><a href=\"http:\/\/insmonturiol.cat\/wp-content\/uploads\/2013\/11\/IMG_2784.jpg\"><img loading=\"lazy\" decoding=\"async\" src=\"http:\/\/insmonturiol.cat\/wp-content\/uploads\/2013\/11\/IMG_2784-300x200.jpg\" alt=\"IMG_2784\" width=\"270\" height=\"180\" \/><\/a><\/td>\n<\/tr>\n<tr>\n<td><a href=\"http:\/\/insmonturiol.cat\/wp-content\/uploads\/2013\/11\/IMG_2770.jpg\"><img loading=\"lazy\" decoding=\"async\" src=\"http:\/\/insmonturiol.cat\/wp-content\/uploads\/2013\/11\/IMG_2770-300x200.jpg\" alt=\"IMG_2770\" width=\"270\" height=\"180\" \/><\/a><\/td>\n<td><a href=\"http:\/\/insmonturiol.cat\/wp-content\/uploads\/2013\/11\/IMG_2782.jpg\"><img loading=\"lazy\" decoding=\"async\" src=\"http:\/\/insmonturiol.cat\/wp-content\/uploads\/2013\/11\/IMG_2782-300x200.jpg\" alt=\"IMG_2782\" width=\"270\" height=\"180\" \/><\/a><\/td>\n<\/tr>\n<\/tbody>\n<\/table>\n","protected":false},"excerpt":{"rendered":"<p>SORTIDA DE VELA A 1r BATXILLERAT<br \/>\nEl passat 3 d\u2019octubre de 2013 els alumnes de 1r de Batxillerat van fer una sortida de vela a\u00a0la Base N\u00e0utica de la Mar Bella de Barcelona.<br \/>\nLes activitats realitzades pels alumnes van ser:<br \/>\n\u2022 Un primer grup: sortida amb catamar\u00e0.<br \/>\n\u2022 Un&hellip;  <a href=\"https:\/\/agora.xtec.cat\/iesnarcismonturiol\/general\/sortida-vela-1r-batxillerat\/\" title=\"Read sortida vela 1r batxillerat\">Llegeix m\u00e9s\u00bb<\/a><\/p>\n","protected":false},"author":5,"featured_media":6151,"comment_status":"closed","ping_status":"closed","sticky":false,"template":"","format":"standard","meta":{"_bbp_topic_count":0,"_bbp_reply_count":0,"_bbp_total_topic_count":0,"_bbp_total_reply_count":0,"_bbp_voice_count":0,"_bbp_anonymous_reply_count":0,"_bbp_topic_count_hidden":0,"_bbp_reply_count_hidden":0,"_bbp_forum_subforum_count":0,"footnotes":""},"categories":[128,1],"tags":[214,320],"class_list":["post-3020","post","type-post","status-publish","format-standard","has-post-thumbnail","hentry","category-expressio","category-general","tag-esports","tag-vela"],"post_mailing_queue_ids":[],"_links":{"self":[{"href":"https:\/\/agora.xtec.cat\/iesnarcismonturiol\/wp-json\/wp\/v2\/posts\/3020","targetHints":{"allow":["GET"]}}],"collection":[{"href":"https:\/\/agora.xtec.cat\/iesnarcismonturiol\/wp-json\/wp\/v2\/posts"}],"about":[{"href":"https:\/\/agora.xtec.cat\/iesnarcismonturiol\/wp-json\/wp\/v2\/types\/post"}],"author":[{"embeddable":true,"href":"https:\/\/agora.xtec.cat\/iesnarcismonturiol\/wp-json\/wp\/v2\/users\/5"}],"replies":[{"embeddable":true,"href":"https:\/\/agora.xtec.cat\/iesnarcismonturiol\/wp-json\/wp\/v2\/comments?post=3020"}],"version-history":[{"count":0,"href":"https:\/\/agora.xtec.cat\/iesnarcismonturiol\/wp-json\/wp\/v2\/posts\/3020\/revisions"}],"wp:featuredmedia":[{"embeddable":true,"href":"https:\/\/agora.xtec.cat\/iesnarcismonturiol\/wp-json\/wp\/v2\/media\/6151"}],"wp:attachment":[{"href":"https:\/\/agora.xtec.cat\/iesnarcismonturiol\/wp-json\/wp\/v2\/media?parent=3020"}],"wp:term":[{"taxonomy":"category","embeddable":true,"href":"https:\/\/agora.xtec.cat\/iesnarcismonturiol\/wp-json\/wp\/v2\/categories?post=3020"},{"taxonomy":"post_tag","embeddable":true,"href":"https:\/\/agora.xtec.cat\/iesnarcismonturiol\/wp-json\/wp\/v2\/tags?post=3020"}],"curies":[{"name":"wp","href":"https:\/\/api.w.org\/{rel}","templated":true}]}}