{"id":2294,"date":"2013-06-25T10:11:50","date_gmt":"2013-06-25T10:11:50","guid":{"rendered":"http:\/\/insmonturiol.cat\/reutilitzacio-de-llibres-campanya-2013-2014"},"modified":"2013-06-25T10:11:50","modified_gmt":"2013-06-25T10:11:50","slug":"reutilitzacio-de-llibres-campanya-2013-2014","status":"publish","type":"post","link":"https:\/\/agora.xtec.cat\/iesnarcismonturiol\/general\/reutilitzacio-de-llibres-campanya-2013-2014\/","title":{"rendered":"REUTILITZACI\u00d3 DE LLIBRES: CAMPANYA 2013-2014"},"content":{"rendered":"<p>Cal portar els llibres esborrats i arreglats per a poder-los deixar.<\/p>\n<p>Dates de Recollida<\/p>\n<p style=\"text-align: center;\"><span style=\"text-decoration: underline;\">Al Juny i Juliol:<\/span><\/p>\n<p style=\"text-align: center;\">Dijous 27 de Juny de 10:30 a 12:30 hores<\/p>\n<p style=\"text-align: center;\">Divendres 28 de Juny de 10:30 a 12:30 hores.<\/p>\n<p style=\"text-align: center;\">Dimecres 3 de Juliol de 10:30 a 12:30 hores<\/p>\n<p style=\"text-align: center;\"><span style=\"text-decoration: underline;\">Al Setembre:<\/span><\/p>\n<p style=\"text-align: center;\">Dimecres 4 de Setembre de 10:30 a 12:30 hores<\/p>\n<p style=\"text-align: center;\">Divendres 6 de Setembre de 10:30 a 12:30 hores.<\/p>\n<p>&nbsp;<\/p>\n<p>Aquest curs, els llibres que es poden reutilitzar a l&#8217;ESO<\/p>\n<p>1r ESO: Catal\u00e0, Castell\u00e0, Naturals, Tecnologia, Socials, Angl\u00e8s<\/p>\n<p>2n ESO: Catal\u00e0, Castell\u00e0, Naturals, Tecnologia, Socials, Angles<\/p>\n<p>3r ESO: Catal\u00e0, Castell\u00e0, Biologia i Geologia, F\u00edsica i Qu\u00edmica, Matem\u00e0tiques, Tecnologia, Socials.<\/p>\n<p>4t ESO: Catal\u00e0, Castell\u00e0, Matem\u00e0tiques, Socials.<\/p>\n<p>&nbsp;<\/p>\n<p>Els llibres de Batxillerat es poden reutilitzar tots els d&#8217;aquest curs.<\/p>\n","protected":false},"excerpt":{"rendered":"<p>Cal portar els llibres esborrats i arreglats per a poder-los deixar.<br \/>\nDates de Recollida<br \/>\nAl Juny i Juliol:<br \/>\nDijous 27 de Juny de 10:30 a 12:30 hores<br \/>\nDivendres 28 de Juny de 10:30 a 12:30 hores.<br \/>\nDimecres 3 de Juliol de 10:30 a 12:30 hores<br \/>\nAl Setembre:<br \/>\nDimecres 4 de Setembre de&hellip;  <a href=\"https:\/\/agora.xtec.cat\/iesnarcismonturiol\/general\/reutilitzacio-de-llibres-campanya-2013-2014\/\" title=\"Read REUTILITZACI\u00d3 DE LLIBRES: CAMPANYA 2013-2014\">Llegeix m\u00e9s\u00bb<\/a><\/p>\n","protected":false},"author":5,"featured_media":5220,"comment_status":"closed","ping_status":"closed","sticky":false,"template":"","format":"standard","meta":{"_bbp_topic_count":0,"_bbp_reply_count":0,"_bbp_total_topic_count":0,"_bbp_total_reply_count":0,"_bbp_voice_count":0,"_bbp_anonymous_reply_count":0,"_bbp_topic_count_hidden":0,"_bbp_reply_count_hidden":0,"_bbp_forum_subforum_count":0,"footnotes":""},"categories":[1],"tags":[296],"class_list":["post-2294","post","type-post","status-publish","format-standard","has-post-thumbnail","hentry","category-general","tag-reutilitzacio"],"post_mailing_queue_ids":[],"_links":{"self":[{"href":"https:\/\/agora.xtec.cat\/iesnarcismonturiol\/wp-json\/wp\/v2\/posts\/2294","targetHints":{"allow":["GET"]}}],"collection":[{"href":"https:\/\/agora.xtec.cat\/iesnarcismonturiol\/wp-json\/wp\/v2\/posts"}],"about":[{"href":"https:\/\/agora.xtec.cat\/iesnarcismonturiol\/wp-json\/wp\/v2\/types\/post"}],"author":[{"embeddable":true,"href":"https:\/\/agora.xtec.cat\/iesnarcismonturiol\/wp-json\/wp\/v2\/users\/5"}],"replies":[{"embeddable":true,"href":"https:\/\/agora.xtec.cat\/iesnarcismonturiol\/wp-json\/wp\/v2\/comments?post=2294"}],"version-history":[{"count":0,"href":"https:\/\/agora.xtec.cat\/iesnarcismonturiol\/wp-json\/wp\/v2\/posts\/2294\/revisions"}],"wp:featuredmedia":[{"embeddable":true,"href":"https:\/\/agora.xtec.cat\/iesnarcismonturiol\/wp-json\/wp\/v2\/media\/5220"}],"wp:attachment":[{"href":"https:\/\/agora.xtec.cat\/iesnarcismonturiol\/wp-json\/wp\/v2\/media?parent=2294"}],"wp:term":[{"taxonomy":"category","embeddable":true,"href":"https:\/\/agora.xtec.cat\/iesnarcismonturiol\/wp-json\/wp\/v2\/categories?post=2294"},{"taxonomy":"post_tag","embeddable":true,"href":"https:\/\/agora.xtec.cat\/iesnarcismonturiol\/wp-json\/wp\/v2\/tags?post=2294"}],"curies":[{"name":"wp","href":"https:\/\/api.w.org\/{rel}","templated":true}]}}