{"id":2081,"date":"2013-04-18T09:39:25","date_gmt":"2013-04-18T09:39:25","guid":{"rendered":"http:\/\/insmonturiol.cat\/excursion-a-perpignan-et-a-collioure-3r-deso"},"modified":"2013-04-18T09:39:25","modified_gmt":"2013-04-18T09:39:25","slug":"excursion-a-perpignan-et-a-collioure-3r-deso","status":"publish","type":"post","link":"https:\/\/agora.xtec.cat\/iesnarcismonturiol\/general\/excursion-a-perpignan-et-a-collioure-3r-deso\/","title":{"rendered":"Excursion \u00e0 Perpignan et \u00e0 Collioure. 3r d&#8217;ESO"},"content":{"rendered":"<p><b>17 avril 2013<\/b>: \u00e0 7h30 du matin, les \u00e9l\u00e8ves de 3r d\u2019ESO et trois professeurs accompagnants sont partis pour la France. Destination\u00a0: Perpignan d\u2019abord, o\u00f9 les \u00e9l\u00e8ves de fran\u00e7ais ont fait une sorte de gymkhana pour remplir un dossier en parcourant par groupes, \u00e0 pied, les petites rues du centre de la ville, puis Collioure, o\u00f9 ils sont\u00a0 all\u00e9s en premier lieu au cimeti\u00e8re pour rendre hommage au po\u00e8te Antonio Machado, en lisant quelques-uns de ses po\u00e8mes sur sa tombe. La journ\u00e9e s\u2019est termin\u00e9e sans encombre en visitant le petit village de Collioure, si pittoresque avec ses maisons de couleurs diff\u00e9rentes, ses boutiques de souvenirs, de cr\u00eapes, de gaufres et de boissons, et ses plages qui ont enchant\u00e9 nos \u00e9l\u00e8ves. Ils n\u2019ont qu\u2019une envie\u00a0: y retourner!<\/p>\n<p><a href=\"http:\/\/insmonturiol.cat\/wp-content\/uploads\/2013\/05\/IMG_0459.jpg\"><img loading=\"lazy\" decoding=\"async\" src=\"http:\/\/insmonturiol.cat\/wp-content\/uploads\/2013\/05\/IMG_0459-300x200.jpg\" alt=\"IMG_0459\" width=\"300\" height=\"200\" \/><\/a><a href=\"http:\/\/insmonturiol.cat\/wp-content\/uploads\/2013\/04\/IMG_0475.jpg\"><img loading=\"lazy\" decoding=\"async\" src=\"http:\/\/insmonturiol.cat\/wp-content\/uploads\/2013\/04\/IMG_0475-300x200.jpg\" alt=\"IMG_0475\" width=\"300\" height=\"200\" \/><\/a><\/p>\n<p>Cristina Menier, professora de Franc\u00e8s<\/p>\n<p><a href=\"http:\/\/insmonturiol.cat\/wp-content\/uploads\/2013\/05\/IMG_0459.jpg\"><br \/>\n<\/a><a href=\"http:\/\/insmonturiol.cat\/wp-content\/uploads\/2013\/04\/IMG_0475.jpg\"><br \/>\n<\/a><\/p>\n<p>&nbsp;<\/p>\n","protected":false},"excerpt":{"rendered":"<p>17 avril 2013: \u00e0 7h30 du matin, les \u00e9l\u00e8ves de 3r d\u2019ESO et trois professeurs accompagnants sont partis pour la France. Destination\u00a0: Perpignan d\u2019abord, o\u00f9 les \u00e9l\u00e8ves de fran\u00e7ais ont fait une sorte de gymkhana pour remplir un dossier en parcourant par groupes, \u00e0 pied,&hellip;  <a href=\"https:\/\/agora.xtec.cat\/iesnarcismonturiol\/general\/excursion-a-perpignan-et-a-collioure-3r-deso\/\" title=\"Read Excursion \u00e0 Perpignan et \u00e0 Collioure. 3r d&#8217;ESO\">Llegeix m\u00e9s\u00bb<\/a><\/p>\n","protected":false},"author":5,"featured_media":6680,"comment_status":"closed","ping_status":"closed","sticky":false,"template":"","format":"standard","meta":{"_bbp_topic_count":0,"_bbp_reply_count":0,"_bbp_total_topic_count":0,"_bbp_total_reply_count":0,"_bbp_voice_count":0,"_bbp_anonymous_reply_count":0,"_bbp_topic_count_hidden":0,"_bbp_reply_count_hidden":0,"_bbp_forum_subforum_count":0,"footnotes":""},"categories":[120,1,130],"tags":[225],"class_list":["post-2081","post","type-post","status-publish","format-standard","has-post-thumbnail","hentry","category-castella","category-general","category-llegues-estrangeres","tag-frances"],"post_mailing_queue_ids":[],"_links":{"self":[{"href":"https:\/\/agora.xtec.cat\/iesnarcismonturiol\/wp-json\/wp\/v2\/posts\/2081","targetHints":{"allow":["GET"]}}],"collection":[{"href":"https:\/\/agora.xtec.cat\/iesnarcismonturiol\/wp-json\/wp\/v2\/posts"}],"about":[{"href":"https:\/\/agora.xtec.cat\/iesnarcismonturiol\/wp-json\/wp\/v2\/types\/post"}],"author":[{"embeddable":true,"href":"https:\/\/agora.xtec.cat\/iesnarcismonturiol\/wp-json\/wp\/v2\/users\/5"}],"replies":[{"embeddable":true,"href":"https:\/\/agora.xtec.cat\/iesnarcismonturiol\/wp-json\/wp\/v2\/comments?post=2081"}],"version-history":[{"count":0,"href":"https:\/\/agora.xtec.cat\/iesnarcismonturiol\/wp-json\/wp\/v2\/posts\/2081\/revisions"}],"wp:featuredmedia":[{"embeddable":true,"href":"https:\/\/agora.xtec.cat\/iesnarcismonturiol\/wp-json\/wp\/v2\/media\/6680"}],"wp:attachment":[{"href":"https:\/\/agora.xtec.cat\/iesnarcismonturiol\/wp-json\/wp\/v2\/media?parent=2081"}],"wp:term":[{"taxonomy":"category","embeddable":true,"href":"https:\/\/agora.xtec.cat\/iesnarcismonturiol\/wp-json\/wp\/v2\/categories?post=2081"},{"taxonomy":"post_tag","embeddable":true,"href":"https:\/\/agora.xtec.cat\/iesnarcismonturiol\/wp-json\/wp\/v2\/tags?post=2081"}],"curies":[{"name":"wp","href":"https:\/\/api.w.org\/{rel}","templated":true}]}}