{"id":2050,"date":"2013-04-23T18:36:36","date_gmt":"2013-04-23T18:36:36","guid":{"rendered":"http:\/\/insmonturiol.cat\/sant-jordi-2013-els-camins-del-laberint"},"modified":"2013-04-23T18:36:36","modified_gmt":"2013-04-23T18:36:36","slug":"sant-jordi-2013-els-camins-del-laberint","status":"publish","type":"post","link":"https:\/\/agora.xtec.cat\/iesnarcismonturiol\/general\/sant-jordi-2013-els-camins-del-laberint\/","title":{"rendered":"Sant Jordi 2013. Els camins del laberint"},"content":{"rendered":"<p><a href=\"http:\/\/insmonturiol.cat\/wp-content\/uploads\/2013\/04\/postal1C.jpg\"><img loading=\"lazy\" decoding=\"async\" class=\"aligncenter size-medium wp-image-2057\" src=\"http:\/\/insmonturiol.cat\/wp-content\/uploads\/2013\/04\/postal1C-293x300.jpg\" alt=\"postal1C\" width=\"293\" height=\"300\" \/><\/a>Tot l&#8217;alumnat de l&#8217;Institut i les escoles convidades han participat aquest mat\u00ed en la festa de lliurament dels premis de Sant Jordi 2013. Les llegendes d&#8217;altres pa\u00efsos, la narraci\u00f3 de contes, de poemes de Salvador Espriu i Vicen\u00e7 Andr\u00e9s Estell\u00e9s, els curtmetratges, \u00a0han anat donant pas als premiats de les diferents categories de prosa i poesia en llengua catalana. Els nens i les nenes, els nois i les noies han gaudit d&#8217;aquesta festa de les lletres que aplega a les escoles de prim\u00e0ria i secund\u00e0ria del barri.<\/p>\n","protected":false},"excerpt":{"rendered":"<p><a href=\"http:\/\/insmonturiol.cat\/wp-content\/uploads\/2013\/04\/postal1C.jpg\"><\/a>Tot l&#8217;alumnat de l&#8217;Institut i les escoles convidades han participat aquest mat\u00ed en la festa de lliurament dels premis de Sant Jordi 2013. Les llegendes d&#8217;altres pa\u00efsos, la narraci\u00f3 de contes, de poemes de Salvador Espriu i Vicen\u00e7 Andr\u00e9s Estell\u00e9s, els curtmetratges, \u00a0han anat&hellip;  <a href=\"https:\/\/agora.xtec.cat\/iesnarcismonturiol\/general\/sant-jordi-2013-els-camins-del-laberint\/\" title=\"Read Sant Jordi 2013. Els camins del laberint\">Llegeix m\u00e9s\u00bb<\/a><\/p>\n","protected":false},"author":5,"featured_media":4952,"comment_status":"open","ping_status":"open","sticky":false,"template":"","format":"standard","meta":{"_bbp_topic_count":0,"_bbp_reply_count":0,"_bbp_total_topic_count":0,"_bbp_total_reply_count":0,"_bbp_voice_count":0,"_bbp_anonymous_reply_count":0,"_bbp_topic_count_hidden":0,"_bbp_reply_count_hidden":0,"_bbp_forum_subforum_count":0,"footnotes":""},"categories":[1],"tags":[38],"class_list":["post-2050","post","type-post","status-publish","format-standard","has-post-thumbnail","hentry","category-general","tag-sant-jordi"],"post_mailing_queue_ids":[],"_links":{"self":[{"href":"https:\/\/agora.xtec.cat\/iesnarcismonturiol\/wp-json\/wp\/v2\/posts\/2050","targetHints":{"allow":["GET"]}}],"collection":[{"href":"https:\/\/agora.xtec.cat\/iesnarcismonturiol\/wp-json\/wp\/v2\/posts"}],"about":[{"href":"https:\/\/agora.xtec.cat\/iesnarcismonturiol\/wp-json\/wp\/v2\/types\/post"}],"author":[{"embeddable":true,"href":"https:\/\/agora.xtec.cat\/iesnarcismonturiol\/wp-json\/wp\/v2\/users\/5"}],"replies":[{"embeddable":true,"href":"https:\/\/agora.xtec.cat\/iesnarcismonturiol\/wp-json\/wp\/v2\/comments?post=2050"}],"version-history":[{"count":0,"href":"https:\/\/agora.xtec.cat\/iesnarcismonturiol\/wp-json\/wp\/v2\/posts\/2050\/revisions"}],"wp:featuredmedia":[{"embeddable":true,"href":"https:\/\/agora.xtec.cat\/iesnarcismonturiol\/wp-json\/wp\/v2\/media\/4952"}],"wp:attachment":[{"href":"https:\/\/agora.xtec.cat\/iesnarcismonturiol\/wp-json\/wp\/v2\/media?parent=2050"}],"wp:term":[{"taxonomy":"category","embeddable":true,"href":"https:\/\/agora.xtec.cat\/iesnarcismonturiol\/wp-json\/wp\/v2\/categories?post=2050"},{"taxonomy":"post_tag","embeddable":true,"href":"https:\/\/agora.xtec.cat\/iesnarcismonturiol\/wp-json\/wp\/v2\/tags?post=2050"}],"curies":[{"name":"wp","href":"https:\/\/api.w.org\/{rel}","templated":true}]}}