{"id":2007,"date":"2013-04-05T14:33:17","date_gmt":"2013-04-05T14:33:17","guid":{"rendered":"http:\/\/insmonturiol.cat\/primeres-sequencies-cinema-en-curs-4t-deso-preparacio-del-curt-final"},"modified":"2013-04-05T14:33:17","modified_gmt":"2013-04-05T14:33:17","slug":"primeres-sequencies-cinema-en-curs-4t-deso-preparacio-del-curt-final","status":"publish","type":"post","link":"https:\/\/agora.xtec.cat\/iesnarcismonturiol\/general\/primeres-sequencies-cinema-en-curs-4t-deso-preparacio-del-curt-final\/","title":{"rendered":"Primeres seq\u00fc\u00e8ncies. Cinema en curs 4t. d&#8217;ESO. Preparaci\u00f3 del curt final."},"content":{"rendered":"<p><span style=\"color: navy; font-family: Arial; font-size: small;\">Ja podeu visionar el treball de l&#8217;alumnat de 4t del Projecte Cinema en curs: Prim\u00e8res seq\u00fc\u00e8ncies.<\/span><\/p>\n<p><span style=\"color: navy; font-family: Arial; font-size: small;\">Les Primeres Seq\u00fc\u00e8ncies \u00e9s un treball de preparaci\u00f3 del curt final en el que l&#8217;alumnat organitzat en grups ha desenvolupat els rols de director o directora, de c\u00e0mera, de sonidistes i d&#8217;script. Cada grup ha rodat una seq\u00fc\u00e8ncia d&#8217;uns 3 minuts amb plant diferents i panor\u00e0miques.<\/span><\/p>\n<p><span style=\"color: navy; font-family: Arial; font-size: small;\">Us convidem a veure les seq\u00fc\u00e8ncies al bloc:<\/span><\/p>\n<p><a style=\"font-family: Arial; font-size: small;\" title=\"blocked::http:\/\/bloc.cinemaencurs.org\/ca\/post\/primeres-sequencies-6\" href=\"http:\/\/bloc.cinemaencurs.org\/ca\/post\/primeres-sequencies-6\" target=\"_blank\" rel=\"noopener\">http:\/\/bloc.cinemaencurs.org\/<wbr \/>ca\/post\/primeres-sequencies-6<\/a><\/p>\n<p>Isabel Ribera, professora de M\u00fasica i responsable del Projecte Cinema en curs.<\/p>\n","protected":false},"excerpt":{"rendered":"<p>Ja podeu visionar el treball de l&#8217;alumnat de 4t del Projecte Cinema en curs: Prim\u00e8res seq\u00fc\u00e8ncies.<br \/>\nLes Primeres Seq\u00fc\u00e8ncies \u00e9s un treball de preparaci\u00f3 del curt final en el que l&#8217;alumnat organitzat en grups ha desenvolupat els rols de director o directora, de c\u00e0mera, de sonidistes&hellip;  <a href=\"https:\/\/agora.xtec.cat\/iesnarcismonturiol\/general\/primeres-sequencies-cinema-en-curs-4t-deso-preparacio-del-curt-final\/\" title=\"Read Primeres seq\u00fc\u00e8ncies. Cinema en curs 4t. d&#8217;ESO. Preparaci\u00f3 del curt final.\">Llegeix m\u00e9s\u00bb<\/a><\/p>\n","protected":false},"author":5,"featured_media":4654,"comment_status":"closed","ping_status":"closed","sticky":false,"template":"","format":"standard","meta":{"_bbp_topic_count":0,"_bbp_reply_count":0,"_bbp_total_topic_count":0,"_bbp_total_reply_count":0,"_bbp_voice_count":0,"_bbp_anonymous_reply_count":0,"_bbp_topic_count_hidden":0,"_bbp_reply_count_hidden":0,"_bbp_forum_subforum_count":0,"footnotes":""},"categories":[128,1],"tags":[179],"class_list":["post-2007","post","type-post","status-publish","format-standard","has-post-thumbnail","hentry","category-expressio","category-general","tag-cinema-en-curs"],"post_mailing_queue_ids":[],"_links":{"self":[{"href":"https:\/\/agora.xtec.cat\/iesnarcismonturiol\/wp-json\/wp\/v2\/posts\/2007","targetHints":{"allow":["GET"]}}],"collection":[{"href":"https:\/\/agora.xtec.cat\/iesnarcismonturiol\/wp-json\/wp\/v2\/posts"}],"about":[{"href":"https:\/\/agora.xtec.cat\/iesnarcismonturiol\/wp-json\/wp\/v2\/types\/post"}],"author":[{"embeddable":true,"href":"https:\/\/agora.xtec.cat\/iesnarcismonturiol\/wp-json\/wp\/v2\/users\/5"}],"replies":[{"embeddable":true,"href":"https:\/\/agora.xtec.cat\/iesnarcismonturiol\/wp-json\/wp\/v2\/comments?post=2007"}],"version-history":[{"count":0,"href":"https:\/\/agora.xtec.cat\/iesnarcismonturiol\/wp-json\/wp\/v2\/posts\/2007\/revisions"}],"wp:featuredmedia":[{"embeddable":true,"href":"https:\/\/agora.xtec.cat\/iesnarcismonturiol\/wp-json\/wp\/v2\/media\/4654"}],"wp:attachment":[{"href":"https:\/\/agora.xtec.cat\/iesnarcismonturiol\/wp-json\/wp\/v2\/media?parent=2007"}],"wp:term":[{"taxonomy":"category","embeddable":true,"href":"https:\/\/agora.xtec.cat\/iesnarcismonturiol\/wp-json\/wp\/v2\/categories?post=2007"},{"taxonomy":"post_tag","embeddable":true,"href":"https:\/\/agora.xtec.cat\/iesnarcismonturiol\/wp-json\/wp\/v2\/tags?post=2007"}],"curies":[{"name":"wp","href":"https:\/\/api.w.org\/{rel}","templated":true}]}}