{"id":1921,"date":"2013-03-14T17:40:37","date_gmt":"2013-03-14T17:40:37","guid":{"rendered":"http:\/\/insmonturiol.cat\/un-passeig-per-la-rambla-comenca-el-treball-de-sintesi-de-3r-deso"},"modified":"2013-03-14T17:40:37","modified_gmt":"2013-03-14T17:40:37","slug":"un-passeig-per-la-rambla-comenca-el-treball-de-sintesi-de-3r-deso","status":"publish","type":"post","link":"https:\/\/agora.xtec.cat\/iesnarcismonturiol\/general\/un-passeig-per-la-rambla-comenca-el-treball-de-sintesi-de-3r-deso\/","title":{"rendered":"Un passeig per La Rambla. Comen\u00e7a el Treball de S\u00edntesi de 3r d&#8217;ESO"},"content":{"rendered":"<p>L\u2019estudi d\u2019un indret tan emblem\u00e0tic de la nostra ciutat com \u00e9s\u00a0 LA RAMBLA\u00a0 de Barcelona \u00e9s l&#8217;eix conductor del d&#8217;aquest\u00a0treball de s\u00edntesi. Un passeig que els conduir\u00e0 a descobrir els trets de la seva identitat hist\u00f2rico- cultural. Una Rambla que no pot passar desapercebuda per a cap estudiant.<\/p>\n<p>Un passeig per La Rambla els far\u00e0 gaudir del seu encant i al mateix temps con\u00e8ixer la seva evoluci\u00f3 hist\u00f2rica, els seus edificis m\u00e9s importants, i el seu escenari hum\u00e0.<\/p>\n<p>Des d&#8217;avui i fins al 20 d&#8217;abril l&#8217;alumnat de 3r d&#8217;ESO treballaran sobre aquest tema i al final presentaran la mem\u00f2ria que sintetitzar\u00e0 tota la seva recerca.<\/p>\n<p>&nbsp;<\/p>\n<div><span style=\"font-size: 13px; line-height: 19px;\"><span style=\"font-size: 13px; line-height: 19px;\"><a href=\"http:\/\/insmonturiol.cat\/wp-content\/uploads\/2013\/03\/172496_a_1.jpg\"><img loading=\"lazy\" decoding=\"async\" class=\"alignleft\" title=\"172496_a_1\" src=\"http:\/\/insmonturiol.cat\/wp-content\/uploads\/2013\/03\/172496_a_1-300x224.jpg\" alt=\"http:\/\/recursostic.educacion.es\/bancoimagenes\/\" width=\"300\" height=\"224\" \/><\/a><em>Les parades vermelles, i un s\u2019adona \u00a0 \u00a0 \u00a0 \u00a0 \u00a0 \u00a0 \u00a0 \u00a0 \u00a0 \u00a0 \u00a0 \u00a0 \u00a0 \u00a0 \u00a0 \u00a0 \u00a0 \u00a0 \u00a0 \u00a0 \u00a0 \u00a0 \u00a0 \u00a0 \u00a0 \u00a0 \u00a0 \u00a0 \u00a0 \u00a0<\/em><\/span>\u00a0<\/span><\/div>\n<div>\n<p><em>que aquest vermell molsut, tibant i humit,<\/em><\/p>\n<p><em>\u00e9s el color que dura m\u00e9s estona<\/em><\/p>\n<p><em>damunt del llavi fresc de Barcelona,<\/em><\/p>\n<p><em>que no es cansa de riure dia i nit.<\/em><\/p>\n<p><em>\u00c9s tot un cel de blau i d\u2019alegria,<\/em><\/p>\n<p><em>pensar que puc deixar-la sola un dia;<\/em><\/p>\n<p><em>la Rambla i jo no hem d\u2019apartar-nos mai.<\/em><\/p>\n<p style=\"text-align: right;\"><em>\u00a0<span style=\"font-size: 13px; line-height: 19px;\">Josep Maria de Sagarra,\u00a0<\/span><span style=\"font-size: 13px; line-height: 19px;\">La Rambla de les floristes<\/span><\/em><\/p>\n<\/div>\n","protected":false},"excerpt":{"rendered":"<p>L\u2019estudi d\u2019un indret tan emblem\u00e0tic de la nostra ciutat com \u00e9s\u00a0 LA RAMBLA\u00a0 de Barcelona \u00e9s l&#8217;eix conductor del d&#8217;aquest\u00a0treball de s\u00edntesi. Un passeig que els conduir\u00e0 a descobrir els trets de la seva identitat hist\u00f2rico- cultural. Una Rambla que no pot passar desapercebuda per&hellip;  <a href=\"https:\/\/agora.xtec.cat\/iesnarcismonturiol\/general\/un-passeig-per-la-rambla-comenca-el-treball-de-sintesi-de-3r-deso\/\" title=\"Read Un passeig per La Rambla. Comen\u00e7a el Treball de S\u00edntesi de 3r d&#8217;ESO\">Llegeix m\u00e9s\u00bb<\/a><\/p>\n","protected":false},"author":5,"featured_media":5516,"comment_status":"closed","ping_status":"closed","sticky":false,"template":"","format":"standard","meta":{"_bbp_topic_count":0,"_bbp_reply_count":0,"_bbp_total_topic_count":0,"_bbp_total_reply_count":0,"_bbp_voice_count":0,"_bbp_anonymous_reply_count":0,"_bbp_topic_count_hidden":0,"_bbp_reply_count_hidden":0,"_bbp_forum_subforum_count":0,"footnotes":""},"categories":[1],"tags":[293],"class_list":["post-1921","post","type-post","status-publish","format-standard","has-post-thumbnail","hentry","category-general","tag-treball-recerca"],"post_mailing_queue_ids":[],"_links":{"self":[{"href":"https:\/\/agora.xtec.cat\/iesnarcismonturiol\/wp-json\/wp\/v2\/posts\/1921","targetHints":{"allow":["GET"]}}],"collection":[{"href":"https:\/\/agora.xtec.cat\/iesnarcismonturiol\/wp-json\/wp\/v2\/posts"}],"about":[{"href":"https:\/\/agora.xtec.cat\/iesnarcismonturiol\/wp-json\/wp\/v2\/types\/post"}],"author":[{"embeddable":true,"href":"https:\/\/agora.xtec.cat\/iesnarcismonturiol\/wp-json\/wp\/v2\/users\/5"}],"replies":[{"embeddable":true,"href":"https:\/\/agora.xtec.cat\/iesnarcismonturiol\/wp-json\/wp\/v2\/comments?post=1921"}],"version-history":[{"count":0,"href":"https:\/\/agora.xtec.cat\/iesnarcismonturiol\/wp-json\/wp\/v2\/posts\/1921\/revisions"}],"wp:featuredmedia":[{"embeddable":true,"href":"https:\/\/agora.xtec.cat\/iesnarcismonturiol\/wp-json\/wp\/v2\/media\/5516"}],"wp:attachment":[{"href":"https:\/\/agora.xtec.cat\/iesnarcismonturiol\/wp-json\/wp\/v2\/media?parent=1921"}],"wp:term":[{"taxonomy":"category","embeddable":true,"href":"https:\/\/agora.xtec.cat\/iesnarcismonturiol\/wp-json\/wp\/v2\/categories?post=1921"},{"taxonomy":"post_tag","embeddable":true,"href":"https:\/\/agora.xtec.cat\/iesnarcismonturiol\/wp-json\/wp\/v2\/tags?post=1921"}],"curies":[{"name":"wp","href":"https:\/\/api.w.org\/{rel}","templated":true}]}}