{"id":1906,"date":"2013-03-11T10:27:33","date_gmt":"2013-03-11T10:27:33","guid":{"rendered":"http:\/\/insmonturiol.cat\/projecte-de-recerca-4t-deso-el-renaixement"},"modified":"2013-03-11T10:27:33","modified_gmt":"2013-03-11T10:27:33","slug":"projecte-de-recerca-4t-deso-el-renaixement","status":"publish","type":"post","link":"https:\/\/agora.xtec.cat\/iesnarcismonturiol\/general\/projecte-de-recerca-4t-deso-el-renaixement\/","title":{"rendered":"Projecte de recerca 4t d&#8217;ESO: El Renaixement"},"content":{"rendered":"<p>Comen\u00e7a el Projecte de Recerca de 4t d&#8217;ESO.<\/p>\n<p>En el quart curs tot l\u2019alumnat ha de realitzar un projecte de recerca en equip. Aquest projecte\u00a0est\u00e0 constitu\u00eft per un conjunt d\u2019activitats de descoberta i recerca realitzades per l\u2019alumnat entorn d\u2019un tema escollit i acotat, en part, per l\u2019alumnat mateix i sota el guiatge del professorat. Al llarg del projecte, l\u2019alumne o alumna ha de demostrar capacitat d\u2019autonomia i iniciativa en l\u2019organitzaci\u00f3 del seu treball individual, i tamb\u00e9 de responsabilitat, cooperaci\u00f3 i col\u00b7laboraci\u00f3 en el desenvolupament de projectes en com\u00fa.<\/p>\n<p>S&#8217;han repartit els grups, s&#8217;ha fet la tria del tema objecte de la investigaci\u00f3 i diumenge l&#8217;alumnat sortir\u00e0 cap a Pisa on comen\u00e7ar\u00e0 la seva recerca en terres italianes. Sant Gimignano, Siena, Montecatini, Flor\u00e8ncia, Ven\u00e8cia, Verona i Mil\u00e0; s\u00f3n les ciutats en les que nois i noies hauran de treballar sobre el Renaixement i posteriorment a la tornada hauran de confeccionar la Mem\u00f2ria del Projecte de Recerca sobre el Renaixement que caldr\u00e0 lliurar el proper dimecres dia 20. D&#8217;aquesta Mem\u00f2ria se n&#8217;haur\u00e0 de fer la defensa oral Dijous 21.<\/p>\n<p>&nbsp;<\/p>\n<p>Bon viatge i Bona recerca.<\/p>\n<p><img decoding=\"async\" src=\"http:\/\/www.cafeitren.com\/europa\/italia\/italia.gif\" alt=\"\" \/><\/p>\n<p>&nbsp;<\/p>\n<p>&nbsp;<\/p>\n","protected":false},"excerpt":{"rendered":"<p>Comen\u00e7a el Projecte de Recerca de 4t d&#8217;ESO.<br \/>\nEn el quart curs tot l\u2019alumnat ha de realitzar un projecte de recerca en equip. Aquest projecte\u00a0est\u00e0 constitu\u00eft per un conjunt d\u2019activitats de descoberta i recerca realitzades per l\u2019alumnat entorn d\u2019un tema escollit i acotat, en part, per&hellip;  <a href=\"https:\/\/agora.xtec.cat\/iesnarcismonturiol\/general\/projecte-de-recerca-4t-deso-el-renaixement\/\" title=\"Read Projecte de recerca 4t d&#8217;ESO: El Renaixement\">Llegeix m\u00e9s\u00bb<\/a><\/p>\n","protected":false},"author":5,"featured_media":0,"comment_status":"closed","ping_status":"closed","sticky":false,"template":"","format":"standard","meta":{"_bbp_topic_count":0,"_bbp_reply_count":0,"_bbp_total_topic_count":0,"_bbp_total_reply_count":0,"_bbp_voice_count":0,"_bbp_anonymous_reply_count":0,"_bbp_topic_count_hidden":0,"_bbp_reply_count_hidden":0,"_bbp_forum_subforum_count":0,"footnotes":""},"categories":[1],"tags":[293],"class_list":["post-1906","post","type-post","status-publish","format-standard","hentry","category-general","tag-treball-recerca"],"post_mailing_queue_ids":[],"_links":{"self":[{"href":"https:\/\/agora.xtec.cat\/iesnarcismonturiol\/wp-json\/wp\/v2\/posts\/1906","targetHints":{"allow":["GET"]}}],"collection":[{"href":"https:\/\/agora.xtec.cat\/iesnarcismonturiol\/wp-json\/wp\/v2\/posts"}],"about":[{"href":"https:\/\/agora.xtec.cat\/iesnarcismonturiol\/wp-json\/wp\/v2\/types\/post"}],"author":[{"embeddable":true,"href":"https:\/\/agora.xtec.cat\/iesnarcismonturiol\/wp-json\/wp\/v2\/users\/5"}],"replies":[{"embeddable":true,"href":"https:\/\/agora.xtec.cat\/iesnarcismonturiol\/wp-json\/wp\/v2\/comments?post=1906"}],"version-history":[{"count":0,"href":"https:\/\/agora.xtec.cat\/iesnarcismonturiol\/wp-json\/wp\/v2\/posts\/1906\/revisions"}],"wp:attachment":[{"href":"https:\/\/agora.xtec.cat\/iesnarcismonturiol\/wp-json\/wp\/v2\/media?parent=1906"}],"wp:term":[{"taxonomy":"category","embeddable":true,"href":"https:\/\/agora.xtec.cat\/iesnarcismonturiol\/wp-json\/wp\/v2\/categories?post=1906"},{"taxonomy":"post_tag","embeddable":true,"href":"https:\/\/agora.xtec.cat\/iesnarcismonturiol\/wp-json\/wp\/v2\/tags?post=1906"}],"curies":[{"name":"wp","href":"https:\/\/api.w.org\/{rel}","templated":true}]}}