{"id":1890,"date":"2013-03-05T07:48:40","date_gmt":"2013-03-05T07:48:40","guid":{"rendered":"http:\/\/insmonturiol.cat\/preinscripcio-escolar-2013"},"modified":"2013-03-05T07:48:40","modified_gmt":"2013-03-05T07:48:40","slug":"preinscripcio-escolar-2013","status":"publish","type":"post","link":"https:\/\/agora.xtec.cat\/iesnarcismonturiol\/general\/preinscripcio-escolar-2013\/","title":{"rendered":"PREINSCRIPCI\u00d3 ESCOLAR 2013"},"content":{"rendered":"<p>La preinscripci\u00f3 escolar es realitza a Catalunya de l\u2019<strong>11 al 22 de mar\u00e7<\/strong>, exclusivament per als estudiants de segon cicle d\u2019educaci\u00f3 infantil, d\u2019educaci\u00f3 prim\u00e0ria i d\u2019ESO.<\/p>\n<p>Aquest tr\u00e0mit \u00e9s b\u00e0sic per als infants que facin tres anys al llarg del 2013, als estudiants que canvi\u00efn d\u2019escola i als que s\u2019incorporin a l\u2019institut.<\/p>\n<p>Per a m\u00e9s informaci\u00f3, truqueu al 012 o consulteu el web de la preinscripci\u00f3:<\/p>\n<div><\/div>\n<p><object id=\"big_player\" width=\"480\" height=\"304\" classid=\"clsid:d27cdb6e-ae6d-11cf-96b8-444553540000\" codebase=\"http:\/\/download.macromedia.com\/pub\/shockwave\/cabs\/flash\/swflash.cab#version=6,0,40,0\"><param name=\"allowScriptAccess\" value=\"always\" \/><param name=\"allowFullScreen\" value=\"true\" \/><param name=\"src\" value=\"http:\/\/www20.gencat.cat\/docs\/big\/big_player.swf?id=4877332214022113\" \/><param name=\"allowscriptaccess\" value=\"always\" \/><param name=\"allowfullscreen\" value=\"true\" \/><embed id=\"big_player\" width=\"480\" height=\"304\" type=\"application\/x-shockwave-flash\" src=\"http:\/\/www20.gencat.cat\/docs\/big\/big_player.swf?id=4877332214022113\" allowScriptAccess=\"always\" allowFullScreen=\"true\" allowscriptaccess=\"always\" allowfullscreen=\"true\" \/><\/object><\/p>\n<p>el rodatge de la c\u00e0psula 012 s&#8217;ha realitzat a l&#8217;Institut Narc\u00eds Monturiol!!!<\/p>\n","protected":false},"excerpt":{"rendered":"<p>La preinscripci\u00f3 escolar es realitza a Catalunya de l\u201911 al 22 de mar\u00e7, exclusivament per als estudiants de segon cicle d\u2019educaci\u00f3 infantil, d\u2019educaci\u00f3 prim\u00e0ria i d\u2019ESO.<br \/>\nAquest tr\u00e0mit \u00e9s b\u00e0sic per als infants que facin tres anys al llarg del 2013, als estudiants que canvi\u00efn d\u2019escola&hellip;  <a href=\"https:\/\/agora.xtec.cat\/iesnarcismonturiol\/general\/preinscripcio-escolar-2013\/\" title=\"Read PREINSCRIPCI\u00d3 ESCOLAR 2013\">Llegeix m\u00e9s\u00bb<\/a><\/p>\n","protected":false},"author":5,"featured_media":0,"comment_status":"closed","ping_status":"closed","sticky":false,"template":"","format":"standard","meta":{"_bbp_topic_count":0,"_bbp_reply_count":0,"_bbp_total_topic_count":0,"_bbp_total_reply_count":0,"_bbp_voice_count":0,"_bbp_anonymous_reply_count":0,"_bbp_topic_count_hidden":0,"_bbp_reply_count_hidden":0,"_bbp_forum_subforum_count":0,"footnotes":""},"categories":[1],"tags":[],"class_list":["post-1890","post","type-post","status-publish","format-standard","hentry","category-general"],"post_mailing_queue_ids":[],"_links":{"self":[{"href":"https:\/\/agora.xtec.cat\/iesnarcismonturiol\/wp-json\/wp\/v2\/posts\/1890","targetHints":{"allow":["GET"]}}],"collection":[{"href":"https:\/\/agora.xtec.cat\/iesnarcismonturiol\/wp-json\/wp\/v2\/posts"}],"about":[{"href":"https:\/\/agora.xtec.cat\/iesnarcismonturiol\/wp-json\/wp\/v2\/types\/post"}],"author":[{"embeddable":true,"href":"https:\/\/agora.xtec.cat\/iesnarcismonturiol\/wp-json\/wp\/v2\/users\/5"}],"replies":[{"embeddable":true,"href":"https:\/\/agora.xtec.cat\/iesnarcismonturiol\/wp-json\/wp\/v2\/comments?post=1890"}],"version-history":[{"count":0,"href":"https:\/\/agora.xtec.cat\/iesnarcismonturiol\/wp-json\/wp\/v2\/posts\/1890\/revisions"}],"wp:attachment":[{"href":"https:\/\/agora.xtec.cat\/iesnarcismonturiol\/wp-json\/wp\/v2\/media?parent=1890"}],"wp:term":[{"taxonomy":"category","embeddable":true,"href":"https:\/\/agora.xtec.cat\/iesnarcismonturiol\/wp-json\/wp\/v2\/categories?post=1890"},{"taxonomy":"post_tag","embeddable":true,"href":"https:\/\/agora.xtec.cat\/iesnarcismonturiol\/wp-json\/wp\/v2\/tags?post=1890"}],"curies":[{"name":"wp","href":"https:\/\/api.w.org\/{rel}","templated":true}]}}