{"id":1876,"date":"2013-02-20T12:46:21","date_gmt":"2013-02-20T12:46:21","guid":{"rendered":"http:\/\/insmonturiol.cat\/acabes-leso-ja-saps-que-faras-orientacio-4t-deso"},"modified":"2013-02-20T12:46:21","modified_gmt":"2013-02-20T12:46:21","slug":"acabes-leso-ja-saps-que-faras-orientacio-4t-deso","status":"publish","type":"post","link":"https:\/\/agora.xtec.cat\/iesnarcismonturiol\/general\/acabes-leso-ja-saps-que-faras-orientacio-4t-deso\/","title":{"rendered":"Acabes l&#8217;ESO, ja saps qu\u00e8 far\u00e0s? Orientaci\u00f3 4t d&#8217;ESO"},"content":{"rendered":"<p>L&#8217;alumnat de 4t d&#8217;ESO ha assistit al Punt7 del districte d&#8217;Horta-Guinard\u00f3\u00a0a la mostra de la campanya: In-forma&#8217;t, activitats per triar el teu itinerari acad\u00e8mic, que duu a terme la Xarxa de Punts d&#8217;Informaci\u00f3 Juvenil de Barcelona i el Centre d&#8217;Assessorament acad\u00e8mic per a joves. Es tracta de presentar als joves totes les possibilitats que hi ha tan si es graduen com sin\u00f3.<\/p>\n<p>La campanya compta amb el suport del Districte de Nou Barris, la Fundaci\u00f3 BCN Formaci\u00f3 Professional, el Consorci d&#8217;Educaci\u00f3 de Barcelona, Barcelona Activa i la Direcci\u00f3 General de Joventut de la Generalitat de Catalunya.<\/p>\n<p>Activitats per triar el teu itinerari acad\u00e8mic:\u00a0<a title=\"Acabes l'ESO, ja saps qu\u00e8 far\u00e0s?\" href=\"http:\/\/w110.bcn.cat\/portal\/site\/Joves\/menuitem.e6bebd9281a7ff596f256f25a2ef8a0c\/?vgnextoid=588506f67042c310VgnVCM10000072fea8c0RCRD&amp;vgnextchannel=1f78829afa3d8210VgnVCM10000074fea8c0RCRD&amp;vgnextfmt=formatDetall&amp;lang=ca_ES\" target=\"_blank\" rel=\"noopener\">http:\/\/www.informat.cat\/<\/a><\/p>\n<p><a href=\"http:\/\/insmonturiol.cat\/wp-content\/uploads\/2013\/02\/Ja-saps-que-faras_thb_med.jpg\"><img decoding=\"async\" src=\"http:\/\/lagaleria.casasagnier.net\/wp-content\/uploads\/in-format_plafo-300x210.jpg\" alt=\"\" \/><\/a><\/p>\n<p><a href=\"http:\/\/insmonturiol.cat\/wp-content\/uploads\/2013\/02\/Ja-saps-que-faras_thb_med.jpg\">Acabes l&#8217;ESO, ja saps qu\u00e8 far\u00e0s?\u00a0<\/a>\u00a0<a href=\"http:\/\/insmonturiol.cat\/wp-content\/uploads\/2013\/02\/Ja-saps-que-faras_thb_med.jpg\"><img loading=\"lazy\" decoding=\"async\" class=\"aligncenter size-medium wp-image-1878\" title=\"Ja saps que faras_thb_med\" src=\"http:\/\/insmonturiol.cat\/wp-content\/uploads\/2013\/02\/Ja-saps-que-faras_thb_med-211x300.jpg\" alt=\"\" width=\"211\" height=\"300\" \/><\/a><\/p>\n","protected":false},"excerpt":{"rendered":"<p>L&#8217;alumnat de 4t d&#8217;ESO ha assistit al Punt7 del districte d&#8217;Horta-Guinard\u00f3\u00a0a la mostra de la campanya: In-forma&#8217;t, activitats per triar el teu itinerari acad\u00e8mic, que duu a terme la Xarxa de Punts d&#8217;Informaci\u00f3 Juvenil de Barcelona i el Centre d&#8217;Assessorament acad\u00e8mic per a joves. Es&hellip;  <a href=\"https:\/\/agora.xtec.cat\/iesnarcismonturiol\/general\/acabes-leso-ja-saps-que-faras-orientacio-4t-deso\/\" title=\"Read Acabes l&#8217;ESO, ja saps qu\u00e8 far\u00e0s? Orientaci\u00f3 4t d&#8217;ESO\">Llegeix m\u00e9s\u00bb<\/a><\/p>\n","protected":false},"author":5,"featured_media":5544,"comment_status":"closed","ping_status":"closed","sticky":false,"template":"","format":"standard","meta":{"_bbp_topic_count":0,"_bbp_reply_count":0,"_bbp_total_topic_count":0,"_bbp_total_reply_count":0,"_bbp_voice_count":0,"_bbp_anonymous_reply_count":0,"_bbp_topic_count_hidden":0,"_bbp_reply_count_hidden":0,"_bbp_forum_subforum_count":0,"footnotes":""},"categories":[1],"tags":[273],"class_list":["post-1876","post","type-post","status-publish","format-standard","has-post-thumbnail","hentry","category-general","tag-orientacio"],"post_mailing_queue_ids":[],"_links":{"self":[{"href":"https:\/\/agora.xtec.cat\/iesnarcismonturiol\/wp-json\/wp\/v2\/posts\/1876","targetHints":{"allow":["GET"]}}],"collection":[{"href":"https:\/\/agora.xtec.cat\/iesnarcismonturiol\/wp-json\/wp\/v2\/posts"}],"about":[{"href":"https:\/\/agora.xtec.cat\/iesnarcismonturiol\/wp-json\/wp\/v2\/types\/post"}],"author":[{"embeddable":true,"href":"https:\/\/agora.xtec.cat\/iesnarcismonturiol\/wp-json\/wp\/v2\/users\/5"}],"replies":[{"embeddable":true,"href":"https:\/\/agora.xtec.cat\/iesnarcismonturiol\/wp-json\/wp\/v2\/comments?post=1876"}],"version-history":[{"count":0,"href":"https:\/\/agora.xtec.cat\/iesnarcismonturiol\/wp-json\/wp\/v2\/posts\/1876\/revisions"}],"wp:featuredmedia":[{"embeddable":true,"href":"https:\/\/agora.xtec.cat\/iesnarcismonturiol\/wp-json\/wp\/v2\/media\/5544"}],"wp:attachment":[{"href":"https:\/\/agora.xtec.cat\/iesnarcismonturiol\/wp-json\/wp\/v2\/media?parent=1876"}],"wp:term":[{"taxonomy":"category","embeddable":true,"href":"https:\/\/agora.xtec.cat\/iesnarcismonturiol\/wp-json\/wp\/v2\/categories?post=1876"},{"taxonomy":"post_tag","embeddable":true,"href":"https:\/\/agora.xtec.cat\/iesnarcismonturiol\/wp-json\/wp\/v2\/tags?post=1876"}],"curies":[{"name":"wp","href":"https:\/\/api.w.org\/{rel}","templated":true}]}}