{"id":1870,"date":"2013-02-15T14:03:48","date_gmt":"2013-02-15T14:03:48","guid":{"rendered":"http:\/\/insmonturiol.cat\/1r-de-batxillerat-comenca-el-treball-de-recerca"},"modified":"2013-02-15T14:03:48","modified_gmt":"2013-02-15T14:03:48","slug":"1r-de-batxillerat-comenca-el-treball-de-recerca","status":"publish","type":"post","link":"https:\/\/agora.xtec.cat\/iesnarcismonturiol\/general\/1r-de-batxillerat-comenca-el-treball-de-recerca\/","title":{"rendered":"1r de batxillerat: comen\u00e7a el Treball de Recerca"},"content":{"rendered":"<p>El 7 de febrer, l&#8221;alumnat de 1r de batxillerat ha participat en la sessi\u00f3 informativa sobre el programa &#8220;En la Recerca del Desenvolupament&#8221;. La responsable de la ONG d&#8217;assemblea de Cooperaci\u00f3 per la Pau (ACCP) va presentar les propostes d&#8217;assessorament i seguiment que des de la seva organitzaci\u00f3 ofereixen a l&#8217;alumnat que ha de realitzar el Treball de Recerca.<\/p>\n<p>&nbsp;<\/p>\n<p>Com a continuaci\u00f3 a aquest proc\u00e9s d&#8217;Orientaci\u00f3 per tal d&#8217;elegir el tema objecte d&#8217;aquesta recerca, el 14 de gener, l&#8217;alumnat de 2n de batxillerat ha explicat als companys i a les companyes de 1r de batxillerat la seva experi\u00e8ncia en la confecci\u00f3 del seu treball. Els han ofert una s\u00e8rie de recomanacions que poder dur a terme aquesta tasca de recerca de la forma m\u00e9s eficient possible.<\/p>\n<p>Consells com:<\/p>\n<p>Consultar fonts d&#8217;informaci\u00f3 en biblioteques i arxius; i no limitar-se a recercar nom\u00e9s a internet. Contrastar les fonts utilitzades.<\/p>\n<p>Planificar les entrevistes amb suficient antelaci\u00f3.<\/p>\n<p>Treballar intensament el per\u00edode de vacances d&#8217;estiu per poder comen\u00e7ar 2n amb menys c\u00e0rrega de treball.<\/p>\n<p>Tenir iniciativa a l&#8217;hora de fer el seguiment amb el tutor o tutora del treball.<\/p>\n<p>I finalment una recomanaci\u00f3: el treball no ha de ser massa extens per\u00f2 \u00e9s imprescindible que estigui ben documentat.<\/p>\n<p>&nbsp;<\/p>\n<p>El 7 de mar\u00e7 caldr\u00e0 lliurar el full de tria del treball a la coordinadora de batxillerat.<\/p>\n<p>Bona Recerca!<\/p>\n","protected":false},"excerpt":{"rendered":"<p>El 7 de febrer, l&#8221;alumnat de 1r de batxillerat ha participat en la sessi\u00f3 informativa sobre el programa &#8220;En la Recerca del Desenvolupament&#8221;. La responsable de la ONG d&#8217;assemblea de Cooperaci\u00f3 per la Pau (ACCP) va presentar les propostes d&#8217;assessorament i seguiment que des de&hellip;  <a href=\"https:\/\/agora.xtec.cat\/iesnarcismonturiol\/general\/1r-de-batxillerat-comenca-el-treball-de-recerca\/\" title=\"Read 1r de batxillerat: comen\u00e7a el Treball de Recerca\">Llegeix m\u00e9s\u00bb<\/a><\/p>\n","protected":false},"author":5,"featured_media":5549,"comment_status":"closed","ping_status":"closed","sticky":false,"template":"","format":"standard","meta":{"_bbp_topic_count":0,"_bbp_reply_count":0,"_bbp_total_topic_count":0,"_bbp_total_reply_count":0,"_bbp_voice_count":0,"_bbp_anonymous_reply_count":0,"_bbp_topic_count_hidden":0,"_bbp_reply_count_hidden":0,"_bbp_forum_subforum_count":0,"footnotes":""},"categories":[1],"tags":[293],"class_list":["post-1870","post","type-post","status-publish","format-standard","has-post-thumbnail","hentry","category-general","tag-treball-recerca"],"post_mailing_queue_ids":[],"_links":{"self":[{"href":"https:\/\/agora.xtec.cat\/iesnarcismonturiol\/wp-json\/wp\/v2\/posts\/1870","targetHints":{"allow":["GET"]}}],"collection":[{"href":"https:\/\/agora.xtec.cat\/iesnarcismonturiol\/wp-json\/wp\/v2\/posts"}],"about":[{"href":"https:\/\/agora.xtec.cat\/iesnarcismonturiol\/wp-json\/wp\/v2\/types\/post"}],"author":[{"embeddable":true,"href":"https:\/\/agora.xtec.cat\/iesnarcismonturiol\/wp-json\/wp\/v2\/users\/5"}],"replies":[{"embeddable":true,"href":"https:\/\/agora.xtec.cat\/iesnarcismonturiol\/wp-json\/wp\/v2\/comments?post=1870"}],"version-history":[{"count":0,"href":"https:\/\/agora.xtec.cat\/iesnarcismonturiol\/wp-json\/wp\/v2\/posts\/1870\/revisions"}],"wp:featuredmedia":[{"embeddable":true,"href":"https:\/\/agora.xtec.cat\/iesnarcismonturiol\/wp-json\/wp\/v2\/media\/5549"}],"wp:attachment":[{"href":"https:\/\/agora.xtec.cat\/iesnarcismonturiol\/wp-json\/wp\/v2\/media?parent=1870"}],"wp:term":[{"taxonomy":"category","embeddable":true,"href":"https:\/\/agora.xtec.cat\/iesnarcismonturiol\/wp-json\/wp\/v2\/categories?post=1870"},{"taxonomy":"post_tag","embeddable":true,"href":"https:\/\/agora.xtec.cat\/iesnarcismonturiol\/wp-json\/wp\/v2\/tags?post=1870"}],"curies":[{"name":"wp","href":"https:\/\/api.w.org\/{rel}","templated":true}]}}