{"id":1795,"date":"2013-01-23T10:52:17","date_gmt":"2013-01-23T10:52:17","guid":{"rendered":"http:\/\/insmonturiol.cat\/dansa-al-centre-civic-de-les-corts-3r-deso"},"modified":"2013-01-23T10:52:17","modified_gmt":"2013-01-23T10:52:17","slug":"dansa-al-centre-civic-de-les-corts-3r-deso","status":"publish","type":"post","link":"https:\/\/agora.xtec.cat\/iesnarcismonturiol\/general\/dansa-al-centre-civic-de-les-corts-3r-deso\/","title":{"rendered":"Dansa al Centre c\u00edvic de les Corts. 3r d&#8217;ESO"},"content":{"rendered":"<p>&#8220;Herois i Hero\u00efnes: Els altres&#8221; L&#8217;alumnat de 3r d&#8217;ESO ha gaudit de la dansa\u00a0contempor\u00e0nia\u00a0i el llenguatge multim\u00e8dia en la producci\u00f3 &#8220;Herois i\u00a0Hero\u00efnes\u00a0 de la companyia d&#8217;arts esc\u00e8niques Nin-Yo Performance. Herois i Hero\u00efnes \u00e9s un muntatge que convida a la cr\u00edtica i la reflexi\u00f3 positiva sobre el tema de la discriminaci\u00f3 i l&#8217;assetjament escolar, en el que l&#8217;espectador pren consci\u00e8ncia sobre la viol\u00e8ncia que es pot donar en les relacions entre alguns nois i noies, i els fa reflexionar sobre les seves relacions i entorns socials i alhora els convida a esdevenir uns superheroi que lluiten contra la discriminaci\u00f3. L&#8217;activitat s&#8217;ha dut a terme com a treball conjunt de les mat\u00e8ries de 3r d&#8217;ESO: Educaci\u00f3 F\u00edsica, M\u00fasica, Dibuix i Educaci\u00f3 per a la Ciutadania.<\/p>\n<p><a href=\"http:\/\/www.bcn.cat\/cclescorts\/ca\/3.html\" target=\"_blank\" rel=\"noopener\">http:\/\/www.bcn.cat\/cclescorts\/ca\/3.html\u00a0<\/a><a href=\"http:\/\/insmonturiol.cat\/wp-content\/uploads\/2013\/01\/dansa7.jpg\"><img loading=\"lazy\" decoding=\"async\" class=\"aligncenter size-full wp-image-1798\" title=\"dansa7\" src=\"http:\/\/insmonturiol.cat\/wp-content\/uploads\/2013\/01\/dansa7.jpg\" alt=\"\" width=\"180\" height=\"251\" \/><\/a><\/p>\n","protected":false},"excerpt":{"rendered":"<p>&#8220;Herois i Hero\u00efnes: Els altres&#8221; L&#8217;alumnat de 3r d&#8217;ESO ha gaudit de la dansa\u00a0contempor\u00e0nia\u00a0i el llenguatge multim\u00e8dia en la producci\u00f3 &#8220;Herois i\u00a0Hero\u00efnes\u00a0 de la companyia d&#8217;arts esc\u00e8niques Nin-Yo Performance. Herois i Hero\u00efnes \u00e9s un muntatge que convida a la cr\u00edtica i la reflexi\u00f3 positiva sobre&hellip;  <a href=\"https:\/\/agora.xtec.cat\/iesnarcismonturiol\/general\/dansa-al-centre-civic-de-les-corts-3r-deso\/\" title=\"Read Dansa al Centre c\u00edvic de les Corts. 3r d&#8217;ESO\">Llegeix m\u00e9s\u00bb<\/a><\/p>\n","protected":false},"author":5,"featured_media":0,"comment_status":"closed","ping_status":"closed","sticky":false,"template":"","format":"standard","meta":{"_bbp_topic_count":0,"_bbp_reply_count":0,"_bbp_total_topic_count":0,"_bbp_total_reply_count":0,"_bbp_voice_count":0,"_bbp_anonymous_reply_count":0,"_bbp_topic_count_hidden":0,"_bbp_reply_count_hidden":0,"_bbp_forum_subforum_count":0,"footnotes":""},"categories":[128,1],"tags":[191],"class_list":["post-1795","post","type-post","status-publish","format-standard","hentry","category-expressio","category-general","tag-dansa"],"post_mailing_queue_ids":[],"_links":{"self":[{"href":"https:\/\/agora.xtec.cat\/iesnarcismonturiol\/wp-json\/wp\/v2\/posts\/1795","targetHints":{"allow":["GET"]}}],"collection":[{"href":"https:\/\/agora.xtec.cat\/iesnarcismonturiol\/wp-json\/wp\/v2\/posts"}],"about":[{"href":"https:\/\/agora.xtec.cat\/iesnarcismonturiol\/wp-json\/wp\/v2\/types\/post"}],"author":[{"embeddable":true,"href":"https:\/\/agora.xtec.cat\/iesnarcismonturiol\/wp-json\/wp\/v2\/users\/5"}],"replies":[{"embeddable":true,"href":"https:\/\/agora.xtec.cat\/iesnarcismonturiol\/wp-json\/wp\/v2\/comments?post=1795"}],"version-history":[{"count":0,"href":"https:\/\/agora.xtec.cat\/iesnarcismonturiol\/wp-json\/wp\/v2\/posts\/1795\/revisions"}],"wp:attachment":[{"href":"https:\/\/agora.xtec.cat\/iesnarcismonturiol\/wp-json\/wp\/v2\/media?parent=1795"}],"wp:term":[{"taxonomy":"category","embeddable":true,"href":"https:\/\/agora.xtec.cat\/iesnarcismonturiol\/wp-json\/wp\/v2\/categories?post=1795"},{"taxonomy":"post_tag","embeddable":true,"href":"https:\/\/agora.xtec.cat\/iesnarcismonturiol\/wp-json\/wp\/v2\/tags?post=1795"}],"curies":[{"name":"wp","href":"https:\/\/api.w.org\/{rel}","templated":true}]}}