{"id":1764,"date":"2012-12-14T16:20:59","date_gmt":"2012-12-14T16:20:59","guid":{"rendered":"http:\/\/insmonturiol.cat\/itinerari-santiago-rusinol-4t-deso"},"modified":"2012-12-14T16:20:59","modified_gmt":"2012-12-14T16:20:59","slug":"itinerari-santiago-rusinol-4t-deso","status":"publish","type":"post","link":"https:\/\/agora.xtec.cat\/iesnarcismonturiol\/general\/itinerari-santiago-rusinol-4t-deso\/","title":{"rendered":"Itinerari Santiago Rusi\u00f1ol. 4t d&#8217;ESO"},"content":{"rendered":"<p>L\u2019alumnat de 4rt. d\u2019Eso del Monturiol ha aprofitat el mat\u00ed hivernal de santa Ll\u00facia\u00a0per fer una passejada liter\u00e0ria a trav\u00e9s dels paisatges barcelonins de la inf\u00e0ncia i\u00a0joventut de l\u2019escriptor modernista Santiago Rusi\u00f1ol. Com era la societat del seu\u00a0temps? On va viure? On va estudiar pintura? Quins llocs freq\u00fcentava? Quins amics\u00a0tenia?<\/p>\n<p>El carrer de Petritxol, Els 4 gats, la Llotja, el barri de Ribera, la Puntual ens han\u00a0acostat a la imatge m\u00e9s popular de l\u2019artista. Els textos llegits durant el nostre\u00a0trajecte ens han fet m\u00e9s actual la seva obra.<\/p>\n<p>El recorregut no es podia acabar sense fer una visita de compliment als homes que\u00a0van fer possible la Renaixen\u00e7a. Ens hi esperen, arrecerats entre ombres verdes, al\u00a0parc de la Ciutadella: Bonaventura Carles Aribau, V\u00edctor Balaguer, Mari\u00e0 Aguil\u00f3,\u00a0Teodor Llorente. La mem\u00f2ria de les paraules.<\/p>\n<p>\u201cDeien que era morta, per\u00f2 jo la veig ben viva&#8230;\u201d V\u00edctor Balaguer<\/p>\n<p>&nbsp;<\/p>\n<p>Llu\u00efsa Soaz, professora de Llengua i Literatura Catalana<\/p>\n<p>&nbsp;<\/p>\n<div><\/div>\n<table style=\"width: 100%;\" border=\"0\">\n<tbody>\n<tr>\n<td><a href=\"http:\/\/insmonturiol.cat\/wp-content\/uploads\/2013\/01\/carrer-petritxol.jpg\"><img loading=\"lazy\" decoding=\"async\" class=\"aligncenter size-medium wp-image-1768\" title=\"carrer-petritxol\" src=\"http:\/\/insmonturiol.cat\/wp-content\/uploads\/2013\/01\/carrer-petritxol-225x300.jpg\" alt=\"\" width=\"225\" height=\"300\" \/><\/a><\/td>\n<td><a href=\"http:\/\/insmonturiol.cat\/wp-content\/uploads\/2012\/12\/Santiago_Rusi\u00f1ol_detalle.jpg\"><img loading=\"lazy\" decoding=\"async\" class=\"aligncenter size-medium wp-image-1763\" title=\"Santiago_Rusi\u00f1ol_(detalle)\" src=\"http:\/\/insmonturiol.cat\/wp-content\/uploads\/2012\/12\/Santiago_Rusi\u00f1ol_detalle-201x300.jpg\" alt=\"\" width=\"201\" height=\"300\" \/><\/a><\/td>\n<\/tr>\n<\/tbody>\n<\/table>\n<table style=\"width: 100%;\" border=\"0\">\n<tbody>\n<tr>\n<td><a href=\"http:\/\/insmonturiol.cat\/wp-content\/uploads\/2012\/12\/BARCELONA_GREAT_RESTAURANT_ELS_QUATRE_GATS.jpg\"><img loading=\"lazy\" decoding=\"async\" class=\"aligncenter  wp-image-1762\" title=\"BARCELONA_GREAT_RESTAURANT_ELS_QUATRE_GATS\" src=\"http:\/\/insmonturiol.cat\/wp-content\/uploads\/2012\/12\/BARCELONA_GREAT_RESTAURANT_ELS_QUATRE_GATS-300x225.jpg\" alt=\"\" width=\"270\" height=\"203\" \/><\/a><\/td>\n<td><a href=\"http:\/\/insmonturiol.cat\/wp-content\/uploads\/2012\/12\/9-4Gats-rusi\u00f1ol-casas.jpg\"><img loading=\"lazy\" decoding=\"async\" class=\"aligncenter  wp-image-1761\" title=\"4 Gats rusi\u00f1ol casas\" src=\"http:\/\/insmonturiol.cat\/wp-content\/uploads\/2012\/12\/9-4Gats-rusi\u00f1ol-casas-300x207.jpg\" alt=\"\" width=\"270\" height=\"186\" \/><\/a><\/td>\n<\/tr>\n<\/tbody>\n<\/table>\n<div><\/div>\n","protected":false},"excerpt":{"rendered":"<p>L\u2019alumnat de 4rt. d\u2019Eso del Monturiol ha aprofitat el mat\u00ed hivernal de santa Ll\u00facia\u00a0per fer una passejada liter\u00e0ria a trav\u00e9s dels paisatges barcelonins de la inf\u00e0ncia i\u00a0joventut de l\u2019escriptor modernista Santiago Rusi\u00f1ol. Com era la societat del seu\u00a0temps? On va viure? On va estudiar pintura?&hellip;  <a href=\"https:\/\/agora.xtec.cat\/iesnarcismonturiol\/general\/itinerari-santiago-rusinol-4t-deso\/\" title=\"Read Itinerari Santiago Rusi\u00f1ol. 4t d&#8217;ESO\">Llegeix m\u00e9s\u00bb<\/a><\/p>\n","protected":false},"author":5,"featured_media":0,"comment_status":"closed","ping_status":"closed","sticky":false,"template":"","format":"standard","meta":{"_bbp_topic_count":0,"_bbp_reply_count":0,"_bbp_total_topic_count":0,"_bbp_total_reply_count":0,"_bbp_voice_count":0,"_bbp_anonymous_reply_count":0,"_bbp_topic_count_hidden":0,"_bbp_reply_count_hidden":0,"_bbp_forum_subforum_count":0,"footnotes":""},"categories":[121,1],"tags":[245],"class_list":["post-1764","post","type-post","status-publish","format-standard","hentry","category-catala","category-general","tag-literatura"],"post_mailing_queue_ids":[],"_links":{"self":[{"href":"https:\/\/agora.xtec.cat\/iesnarcismonturiol\/wp-json\/wp\/v2\/posts\/1764","targetHints":{"allow":["GET"]}}],"collection":[{"href":"https:\/\/agora.xtec.cat\/iesnarcismonturiol\/wp-json\/wp\/v2\/posts"}],"about":[{"href":"https:\/\/agora.xtec.cat\/iesnarcismonturiol\/wp-json\/wp\/v2\/types\/post"}],"author":[{"embeddable":true,"href":"https:\/\/agora.xtec.cat\/iesnarcismonturiol\/wp-json\/wp\/v2\/users\/5"}],"replies":[{"embeddable":true,"href":"https:\/\/agora.xtec.cat\/iesnarcismonturiol\/wp-json\/wp\/v2\/comments?post=1764"}],"version-history":[{"count":0,"href":"https:\/\/agora.xtec.cat\/iesnarcismonturiol\/wp-json\/wp\/v2\/posts\/1764\/revisions"}],"wp:attachment":[{"href":"https:\/\/agora.xtec.cat\/iesnarcismonturiol\/wp-json\/wp\/v2\/media?parent=1764"}],"wp:term":[{"taxonomy":"category","embeddable":true,"href":"https:\/\/agora.xtec.cat\/iesnarcismonturiol\/wp-json\/wp\/v2\/categories?post=1764"},{"taxonomy":"post_tag","embeddable":true,"href":"https:\/\/agora.xtec.cat\/iesnarcismonturiol\/wp-json\/wp\/v2\/tags?post=1764"}],"curies":[{"name":"wp","href":"https:\/\/api.w.org\/{rel}","templated":true}]}}