{"id":1681,"date":"2012-12-15T08:13:23","date_gmt":"2012-12-15T08:13:23","guid":{"rendered":"http:\/\/insmonturiol.cat\/mirades-veure-i-viure-el-voluntariat"},"modified":"2012-12-15T08:13:23","modified_gmt":"2012-12-15T08:13:23","slug":"mirades-veure-i-viure-el-voluntariat","status":"publish","type":"post","link":"https:\/\/agora.xtec.cat\/iesnarcismonturiol\/general\/mirades-veure-i-viure-el-voluntariat\/","title":{"rendered":"Mirades. Veure i viure el voluntariat."},"content":{"rendered":"<p style=\"text-align: left;\"><a href=\"http:\/\/insmonturiol.cat\/wp-content\/uploads\/2012\/12\/voluntariat.png\"><img loading=\"lazy\" decoding=\"async\" class=\"size-medium wp-image-1680\" title=\"voluntariat\" src=\"http:\/\/insmonturiol.cat\/wp-content\/uploads\/2012\/12\/voluntariat-300x210.png\" alt=\"\" width=\"300\" height=\"210\" \/><\/a><\/p>\n<p>La setmana del 10 al 14 de novembre vam tenir al vest\u00edbul de l\u2019 institut una mostra de cartells per tal de donar a con\u00e8ixer i promoure el voluntariat social entre la nostra comunitat .<\/p>\n<p>Aquesta mostra va concloure amb una xerrada dirigida a l\u2019alumnat de batxillerat, on un parell de persones de la Federaci\u00f3 Catalana de Voluntariat\u00a0 Social en Juan M\u00aa Ferr\u00e9 i la\u00a0 Passi\u00f3 Garcia van explicar en qu\u00e8 consisteix\u00a0 i com se\u2019n pot formar part\u00a0 ajudant els m\u00e9s desfavorits des de diferents \u00e0mbits .<\/p>\n<p>En Juan M\u00aa ha estat professor de Filosofia de l\u2019 institut i ara, ja jubilat, forma part de la FCVS donant a con\u00e8ixer la tasca que fan als voluntaris i fent un treball de sensibilitzaci\u00f3. Ens va mostrar uns videos fets per joves de 15 a 18 anys dins el projecte \u201c<strong>Mirades. Veure i viure el voluntariat\u201d<\/strong> .<\/p>\n<p style=\"text-align: left;\">\u00a0Els trobareu a\u00a0\u00a0 <a href=\"http:\/\/www.voluntaris.cat\/sensibilitzacio\" target=\"_blank\" rel=\"noopener\">\u00a0http:\/\/www.voluntaris.cat\/sensibilitzacio<\/a><\/p>\n<p style=\"text-align: left;\">El bloc dels voluntaris:<a href=\"http:\/\/blog.voluntaris.cat\/ \">\u00a0http:\/\/blog.voluntaris.cat\/\u00a0<\/a><\/p>\n<p style=\"text-align: left;\">Na Passi\u00f3 \u00e9s volunt\u00e0ria de la Fundaci\u00f3 Infantil Ronald Macdonald , una fundaci\u00f3 sense \u00e0nim de lucre que t\u00e9 com a objectiu acollir a nens amb greus malalties i les seves fam\u00edlies. S\u00f3n nens que han de viure lluny del seu domicili per rebre tractament m\u00e8dic de llarga durada i aquesta fundaci\u00f3 pret\u00e9n donar-los una \u201cllar fora de la llar\u201d. A tots ens va commoure quan va explicar l\u2019enriquiment personal que aquesta tasca li aporta, i les seves viv\u00e8ncies resumides en un relat que va escriure i que va tenir l\u2019amabilitat de llegir-nos.<\/p>\n<p style=\"text-align: left;\">\u00a0Os ho donem a con\u00e8ixer:<\/p>\n<p style=\"text-align: left;\">\u00a0<em>La setmana comen\u00e7a gris i plujosa, per\u00f2 malgrat la pluja, avui hi ha un fet que el fa brillar. Avui \u00e9s el dia en que faig el meu voluntariat!<\/em><\/p>\n<p style=\"text-align: left;\">\u00a0<em>Quan arribo a la Fundaci\u00f3, nom\u00e9s obrir la porta, ja em trobo el somriure amable d\u2019un pare, que amb la tranquil\u00b7litat que el seu fill romandr\u00e0 acompanyat una estona, aprofita per desconnectar.<\/em><\/p>\n<p style=\"text-align: left;\">\u00a0<em>&#8211; Dins t\u2019espera en David! \u2013 en diu tot passant pel meu costat.<\/em><\/p>\n<p style=\"text-align: left;\">\u00a0<em>Entro corrent a la sala de voluntaris i trobo en David a punt de comen\u00e7ar un puzle de 2.500 peces. Au!, penso, posa\u2019t les piles\u2026 que els puzles no son el meu fort. Tot rient i explicant an\u00e8cdotes, anem amuntegant peces de diferents colors. Altres nens, pares i voluntaris, han anat arribant a la sala, i s\u2019afegeixen a nosaltres.<\/em><\/p>\n<p style=\"text-align: left;\">\u00a0<em>En David t\u00e9 11 anys i fa 6 que \u00e9s malalt. Li han fet un trasplantament, varies operacions, i quimios\u2026 Ara, ja no poden fer res m\u00e9s per ell.<\/em><\/p>\n<p style=\"text-align: left;\">\u00a0<em>Tot i aix\u00ed la il\u00b7lusi\u00f3 d\u2019en David per comen\u00e7ar coses noves \u00e9s admirable. En certa manera, aquest puzle tan gran i dif\u00edcil, li transmet un xic de vitalitat pensant que t\u00e9 tot el temps del mon per endavant i aix\u00f2 li dona \u00e0nims per seguir lluitant.<\/em><\/p>\n<p style=\"text-align: left;\">\u00a0<em>Al seu costat, hom sent la intensitat de la vida, i oblida tots els neguits. Es com la for\u00e7a d\u2019un volc\u00e0 ple d\u2019energia i que t\u2019empeny a c\u00f3rrer i no parar.<\/em><\/p>\n<p style=\"text-align: left;\">\u00a0<em>Quan me\u2019n vaig i li dono un pet\u00f3, veig la seva mirada cansada plena de saviesa.<\/em><\/p>\n<p style=\"text-align: left;\">\u00a0<em>No hem avan\u00e7at gaire amb el puzle, per\u00f2 en David s\u2019ho ha passat d\u2019all\u00f2 m\u00e9s be. Ha estat feli\u00e7 entre tots nosaltres. Em pregunto, si per un instant, he pogut contribuir a que oblidi l\u2019hospital de dia, els metges, les punxades\u2026<\/em><\/p>\n<p style=\"text-align: left;\">\u00a0<em>En David, se\u2019n va \u201canar\u201d durant la setmana. No va poder acabar el puzle. \u00c9s la feina que ens va deixar per a que el record\u00e9ssim. Amb l\u2019ajut de tots, el puzle fa goig de veure\u2019l penjat en una paret de la Casa.<\/em><\/p>\n<p style=\"text-align: left;\">\u00a0<em>Dilluns que ve tornar\u00e9 a Fundaci\u00f3. Altres nens m\u2019esperen. Ara, cada vegada que un nen vol fer un puzle, m\u2019afanyo a ajudar-lo per que el pugui acabar i gaudir-ne .<\/em><\/p>\n<p style=\"text-align: left;\">\u00a0<em>Realment, val la pena!<\/em><\/p>\n<p style=\"text-align: left;\">\u00a0Passi\u00f3 Garcia<\/p>\n<p><strong>Volunt\u00e0ria de Fundaci\u00f3 Infantil Ronald Macdonald<\/strong><\/p>\n<p><strong> 2n premi Barcelona \u2013 3r Concurs de Relats de Voluntariat Social<\/strong><\/p>\n<p><em>\u00a0<\/em><\/p>\n<p>Conchita Fleta. Coordinaci\u00f3 Batxillerat<\/p>\n<p>&nbsp;<\/p>\n","protected":false},"excerpt":{"rendered":"<p><a href=\"http:\/\/insmonturiol.cat\/wp-content\/uploads\/2012\/12\/voluntariat.png\"><\/a><br \/>\nLa setmana del 10 al 14 de novembre vam tenir al vest\u00edbul de l\u2019 institut una mostra de cartells per tal de donar a con\u00e8ixer i promoure el voluntariat social entre la nostra comunitat .<br \/>\nAquesta mostra va concloure amb una xerrada dirigida a l\u2019alumnat&hellip;  <a href=\"https:\/\/agora.xtec.cat\/iesnarcismonturiol\/general\/mirades-veure-i-viure-el-voluntariat\/\" title=\"Read Mirades. Veure i viure el voluntariat.\">Llegeix m\u00e9s\u00bb<\/a><\/p>\n","protected":false},"author":5,"featured_media":5404,"comment_status":"closed","ping_status":"closed","sticky":false,"template":"","format":"standard","meta":{"_bbp_topic_count":0,"_bbp_reply_count":0,"_bbp_total_topic_count":0,"_bbp_total_reply_count":0,"_bbp_voice_count":0,"_bbp_anonymous_reply_count":0,"_bbp_topic_count_hidden":0,"_bbp_reply_count_hidden":0,"_bbp_forum_subforum_count":0,"footnotes":""},"categories":[1],"tags":[303,318],"class_list":["post-1681","post","type-post","status-publish","format-standard","has-post-thumbnail","hentry","category-general","tag-solidaritat","tag-tutoria"],"post_mailing_queue_ids":[],"_links":{"self":[{"href":"https:\/\/agora.xtec.cat\/iesnarcismonturiol\/wp-json\/wp\/v2\/posts\/1681","targetHints":{"allow":["GET"]}}],"collection":[{"href":"https:\/\/agora.xtec.cat\/iesnarcismonturiol\/wp-json\/wp\/v2\/posts"}],"about":[{"href":"https:\/\/agora.xtec.cat\/iesnarcismonturiol\/wp-json\/wp\/v2\/types\/post"}],"author":[{"embeddable":true,"href":"https:\/\/agora.xtec.cat\/iesnarcismonturiol\/wp-json\/wp\/v2\/users\/5"}],"replies":[{"embeddable":true,"href":"https:\/\/agora.xtec.cat\/iesnarcismonturiol\/wp-json\/wp\/v2\/comments?post=1681"}],"version-history":[{"count":0,"href":"https:\/\/agora.xtec.cat\/iesnarcismonturiol\/wp-json\/wp\/v2\/posts\/1681\/revisions"}],"wp:featuredmedia":[{"embeddable":true,"href":"https:\/\/agora.xtec.cat\/iesnarcismonturiol\/wp-json\/wp\/v2\/media\/5404"}],"wp:attachment":[{"href":"https:\/\/agora.xtec.cat\/iesnarcismonturiol\/wp-json\/wp\/v2\/media?parent=1681"}],"wp:term":[{"taxonomy":"category","embeddable":true,"href":"https:\/\/agora.xtec.cat\/iesnarcismonturiol\/wp-json\/wp\/v2\/categories?post=1681"},{"taxonomy":"post_tag","embeddable":true,"href":"https:\/\/agora.xtec.cat\/iesnarcismonturiol\/wp-json\/wp\/v2\/tags?post=1681"}],"curies":[{"name":"wp","href":"https:\/\/api.w.org\/{rel}","templated":true}]}}