{"id":1618,"date":"2012-12-03T13:39:39","date_gmt":"2012-12-03T13:39:39","guid":{"rendered":"http:\/\/insmonturiol.cat\/nada-de-carmen-laforet-al-sat-teatre"},"modified":"2012-12-03T13:39:39","modified_gmt":"2012-12-03T13:39:39","slug":"nada-de-carmen-laforet-al-sat-teatre","status":"publish","type":"post","link":"https:\/\/agora.xtec.cat\/iesnarcismonturiol\/general\/nada-de-carmen-laforet-al-sat-teatre\/","title":{"rendered":"NADA de Carmen Laforet al SAT teatre"},"content":{"rendered":"<p>Seminari de Llengua Castellana<\/p>\n<p>El proppassat 29 de novembre, els dos grups de 2n. de Batxillerat i dos professors\u00a0varem assistir a la posta en escena de l&#8217;adaptaci\u00f3 teatral de la novel.la de Carmen\u00a0Laforet Nada al teatre SAT, a San Andreu.<br \/>\nLa representaci\u00f3 va ser un \u00e8xit i va anar seguida d\u2019un interessant col.loqui amb la\u00a0directora i les actrius sobre la novel.la i l\u2019adaptaci\u00f3 que acabaven de veure.<br \/>\nNo \u00e9s gens f\u00e0cil adaptar al teatre una novel.la de les caracter\u00edstiques de Nada i menys\u00a0amb pocs mitjans .<br \/>\nEsperem que hagi servit a l&#8217;alumnat per aprofundir una obra que han llegit i apropar-los\u00a0una mica m\u00e9s al m\u00f3n del teatre.<\/p>\n<p>Neus Serchs, professora de Llengua i Literatura Castellana<\/p>\n<p><a href=\"http:\/\/insmonturiol.cat\/wp-content\/uploads\/2012\/12\/Imagen1.jpg\"><img loading=\"lazy\" decoding=\"async\" class=\"aligncenter size-medium wp-image-1626\" title=\"Nada Carmen Laforet SAT\" src=\"http:\/\/insmonturiol.cat\/wp-content\/uploads\/2012\/12\/Imagen1-300x225.jpg\" alt=\"\" width=\"300\" height=\"225\" \/><\/a><\/p>\n","protected":false},"excerpt":{"rendered":"<p>Seminari de Llengua Castellana<br \/>\nEl proppassat 29 de novembre, els dos grups de 2n. de Batxillerat i dos professors\u00a0varem assistir a la posta en escena de l&#8217;adaptaci\u00f3 teatral de la novel.la de Carmen\u00a0Laforet Nada al teatre SAT, a San Andreu.<br \/>\nLa representaci\u00f3 va ser un \u00e8xit i&hellip;  <a href=\"https:\/\/agora.xtec.cat\/iesnarcismonturiol\/general\/nada-de-carmen-laforet-al-sat-teatre\/\" title=\"Read NADA de Carmen Laforet al SAT teatre\">Llegeix m\u00e9s\u00bb<\/a><\/p>\n","protected":false},"author":5,"featured_media":5622,"comment_status":"closed","ping_status":"closed","sticky":false,"template":"","format":"standard","meta":{"_bbp_topic_count":0,"_bbp_reply_count":0,"_bbp_total_topic_count":0,"_bbp_total_reply_count":0,"_bbp_voice_count":0,"_bbp_anonymous_reply_count":0,"_bbp_topic_count_hidden":0,"_bbp_reply_count_hidden":0,"_bbp_forum_subforum_count":0,"footnotes":""},"categories":[120,1],"tags":[245,40],"class_list":["post-1618","post","type-post","status-publish","format-standard","has-post-thumbnail","hentry","category-castella","category-general","tag-literatura","tag-teatre"],"post_mailing_queue_ids":[],"_links":{"self":[{"href":"https:\/\/agora.xtec.cat\/iesnarcismonturiol\/wp-json\/wp\/v2\/posts\/1618","targetHints":{"allow":["GET"]}}],"collection":[{"href":"https:\/\/agora.xtec.cat\/iesnarcismonturiol\/wp-json\/wp\/v2\/posts"}],"about":[{"href":"https:\/\/agora.xtec.cat\/iesnarcismonturiol\/wp-json\/wp\/v2\/types\/post"}],"author":[{"embeddable":true,"href":"https:\/\/agora.xtec.cat\/iesnarcismonturiol\/wp-json\/wp\/v2\/users\/5"}],"replies":[{"embeddable":true,"href":"https:\/\/agora.xtec.cat\/iesnarcismonturiol\/wp-json\/wp\/v2\/comments?post=1618"}],"version-history":[{"count":0,"href":"https:\/\/agora.xtec.cat\/iesnarcismonturiol\/wp-json\/wp\/v2\/posts\/1618\/revisions"}],"wp:featuredmedia":[{"embeddable":true,"href":"https:\/\/agora.xtec.cat\/iesnarcismonturiol\/wp-json\/wp\/v2\/media\/5622"}],"wp:attachment":[{"href":"https:\/\/agora.xtec.cat\/iesnarcismonturiol\/wp-json\/wp\/v2\/media?parent=1618"}],"wp:term":[{"taxonomy":"category","embeddable":true,"href":"https:\/\/agora.xtec.cat\/iesnarcismonturiol\/wp-json\/wp\/v2\/categories?post=1618"},{"taxonomy":"post_tag","embeddable":true,"href":"https:\/\/agora.xtec.cat\/iesnarcismonturiol\/wp-json\/wp\/v2\/tags?post=1618"}],"curies":[{"name":"wp","href":"https:\/\/api.w.org\/{rel}","templated":true}]}}